{"id":277,"date":"2022-04-25T10:35:49","date_gmt":"2022-04-25T08:35:49","guid":{"rendered":"https:\/\/arenagruppen.se\/rorelsejurister\/?p=277"},"modified":"2026-04-10T22:18:02","modified_gmt":"2026-04-10T20:18:02","slug":"vem-har-ratt","status":"publish","type":"post","link":"https:\/\/arenagruppen.se\/rorelsejurister\/2022\/04\/25\/vem-har-ratt\/","title":{"rendered":"Vem har r\u00e4tt?"},"content":{"rendered":"\n<div class=\"wp-block-media-text alignwide is-stacked-on-mobile\" style=\"grid-template-columns:27% auto\"><figure class=\"wp-block-media-text__media\"><img fetchpriority=\"high\" decoding=\"async\" width=\"724\" height=\"1024\" src=\"https:\/\/arenagruppen.se\/rorelsejurister\/wp-content\/uploads\/sites\/11\/2025\/04\/namnlost-1-724x1024.jpg\" alt=\"\" class=\"wp-image-279 size-full\" srcset=\"https:\/\/arenagruppen.se\/rorelsejurister\/wp-content\/uploads\/sites\/11\/2025\/04\/namnlost-1-724x1024.jpg 724w, https:\/\/arenagruppen.se\/rorelsejurister\/wp-content\/uploads\/sites\/11\/2025\/04\/namnlost-1-212x300.jpg 212w, https:\/\/arenagruppen.se\/rorelsejurister\/wp-content\/uploads\/sites\/11\/2025\/04\/namnlost-1-768x1086.jpg 768w, https:\/\/arenagruppen.se\/rorelsejurister\/wp-content\/uploads\/sites\/11\/2025\/04\/namnlost-1-1086x1536.jpg 1086w, https:\/\/arenagruppen.se\/rorelsejurister\/wp-content\/uploads\/sites\/11\/2025\/04\/namnlost-1-1448x2048.jpg 1448w, https:\/\/arenagruppen.se\/rorelsejurister\/wp-content\/uploads\/sites\/11\/2025\/04\/namnlost-1-scaled.jpg 1810w\" sizes=\"(max-width: 724px) 100vw, 724px\" \/><\/figure><div class=\"wp-block-media-text__content\">\n<div class=\"wp-block-group is-vertical is-layout-flex wp-container-core-group-is-layout-fe9cc265 wp-block-group-is-layout-flex\">\n<p>Podd om r\u00f6relsejuridiken med Fatima Osman och Joanna Herskovits; \u201cVem har r\u00e4tt?\u201d<\/p>\n\n\n\n<p>Lyssna h\u00e4r:&nbsp;<a href=\"https:\/\/arenaide.se\/vem-har-ratt\/\">https:\/\/arenaide.se\/vem-har-ratt\/<\/a><\/p>\n<\/div>\n<\/div><\/div>\n","protected":false},"excerpt":{"rendered":"<p>Podd om r\u00f6relsejuridiken med Fatima Osman och Joanna Herskovits; \u201cVem har r\u00e4tt?\u201d<\/p>\n<p>Lyssna h\u00e4r: https:\/\/arenaide.se\/vem-har-ratt\/<\/p>\n","protected":false},"author":1,"featured_media":281,"comment_status":"open","ping_status":"open","sticky":false,"template":"","format":"standard","meta":{"footnotes":""},"categories":[6],"tags":[],"class_list":["post-277","post","type-post","status-publish","format-standard","has-post-thumbnail","hentry","category-rapport"],"yoast_head":"<!-- This site is optimized with the Yoast SEO plugin v19.12 - https:\/\/yoast.com\/wordpress\/plugins\/seo\/ -->\n<title>Vem har r\u00e4tt? - Akademin f\u00f6r R\u00f6relsejurister<\/title>\n<meta name=\"robots\" content=\"index, follow, max-snippet:-1, max-image-preview:large, max-video-preview:-1\" \/>\n<link rel=\"canonical\" href=\"https:\/\/arenagruppen.se\/rorelsejurister\/2022\/04\/25\/vem-har-ratt\/\" \/>\n<meta property=\"og:locale\" content=\"sv_SE\" \/>\n<meta property=\"og:type\" content=\"article\" \/>\n<meta property=\"og:title\" content=\"Vem har r\u00e4tt? - Akademin f\u00f6r R\u00f6relsejurister\" \/>\n<meta property=\"og:description\" content=\"Podd om r\u00f6relsejuridiken med Fatima Osman och Joanna Herskovits; \u201cVem har r\u00e4tt?\u201d Lyssna h\u00e4r: https:\/\/arenaide.se\/vem-har-ratt\/\" \/>\n<meta property=\"og:url\" content=\"https:\/\/arenagruppen.se\/rorelsejurister\/2022\/04\/25\/vem-har-ratt\/\" \/>\n<meta property=\"og:site_name\" content=\"Akademin f\u00f6r R\u00f6relsejurister\" \/>\n<meta property=\"article:published_time\" content=\"2022-04-25T08:35:49+00:00\" \/>\n<meta property=\"article:modified_time\" content=\"2026-04-10T20:18:02+00:00\" \/>\n<meta property=\"og:image\" content=\"https:\/\/arenagruppen.se\/rorelsejurister\/wp-content\/uploads\/sites\/11\/2025\/04\/namnlost-1-1-scaled.jpg\" \/>\n\t<meta property=\"og:image:width\" content=\"1810\" \/>\n\t<meta property=\"og:image:height\" content=\"2560\" \/>\n\t<meta property=\"og:image:type\" content=\"image\/jpeg\" \/>\n<meta name=\"author\" content=\"admin\" \/>\n<meta name=\"twitter:card\" content=\"summary_large_image\" \/>\n<meta name=\"twitter:label1\" content=\"Skriven av\" \/>\n\t<meta name=\"twitter:data1\" content=\"admin\" \/>\n\t<meta name=\"twitter:label2\" content=\"Ber\u00e4knad l\u00e4stid\" \/>\n\t<meta name=\"twitter:data2\" content=\"1 minut\" \/>\n<script type=\"application\/ld+json\" class=\"yoast-schema-graph\">{\"@context\":\"https:\/\/schema.org\",\"@graph\":[{\"@type\":\"Article\",\"@id\":\"https:\/\/arenagruppen.se\/rorelsejurister\/2022\/04\/25\/vem-har-ratt\/#article\",\"isPartOf\":{\"@id\":\"https:\/\/arenagruppen.se\/rorelsejurister\/2022\/04\/25\/vem-har-ratt\/\"},\"author\":{\"name\":\"admin\",\"@id\":\"https:\/\/arenagruppen.se\/rorelsejurister\/#\/schema\/person\/2c2a8761ff5c3b70360aaec5bf3b28d6\"},\"headline\":\"Vem har r\u00e4tt?\",\"datePublished\":\"2022-04-25T08:35:49+00:00\",\"dateModified\":\"2026-04-10T20:18:02+00:00\",\"mainEntityOfPage\":{\"@id\":\"https:\/\/arenagruppen.se\/rorelsejurister\/2022\/04\/25\/vem-har-ratt\/\"},\"wordCount\":26,\"commentCount\":0,\"publisher\":{\"@id\":\"https:\/\/arenagruppen.se\/rorelsejurister\/#organization\"},\"articleSection\":[\"Rapport\"],\"inLanguage\":\"sv-SE\",\"potentialAction\":[{\"@type\":\"CommentAction\",\"name\":\"Comment\",\"target\":[\"https:\/\/arenagruppen.se\/rorelsejurister\/2022\/04\/25\/vem-har-ratt\/#respond\"]}]},{\"@type\":\"WebPage\",\"@id\":\"https:\/\/arenagruppen.se\/rorelsejurister\/2022\/04\/25\/vem-har-ratt\/\",\"url\":\"https:\/\/arenagruppen.se\/rorelsejurister\/2022\/04\/25\/vem-har-ratt\/\",\"name\":\"Vem har r\u00e4tt? - Akademin f\u00f6r R\u00f6relsejurister\",\"isPartOf\":{\"@id\":\"https:\/\/arenagruppen.se\/rorelsejurister\/#website\"},\"datePublished\":\"2022-04-25T08:35:49+00:00\",\"dateModified\":\"2026-04-10T20:18:02+00:00\",\"breadcrumb\":{\"@id\":\"https:\/\/arenagruppen.se\/rorelsejurister\/2022\/04\/25\/vem-har-ratt\/#breadcrumb\"},\"inLanguage\":\"sv-SE\",\"potentialAction\":[{\"@type\":\"ReadAction\",\"target\":[\"https:\/\/arenagruppen.se\/rorelsejurister\/2022\/04\/25\/vem-har-ratt\/\"]}]},{\"@type\":\"BreadcrumbList\",\"@id\":\"https:\/\/arenagruppen.se\/rorelsejurister\/2022\/04\/25\/vem-har-ratt\/#breadcrumb\",\"itemListElement\":[{\"@type\":\"ListItem\",\"position\":1,\"name\":\"Hem\",\"item\":\"https:\/\/arenagruppen.se\/rorelsejurister\/\"},{\"@type\":\"ListItem\",\"position\":2,\"name\":\"Vem har r\u00e4tt?\"}]},{\"@type\":\"WebSite\",\"@id\":\"https:\/\/arenagruppen.se\/rorelsejurister\/#website\",\"url\":\"https:\/\/arenagruppen.se\/rorelsejurister\/\",\"name\":\"Akademin f\u00f6r R\u00f6relsejurister\",\"description\":\"\",\"publisher\":{\"@id\":\"https:\/\/arenagruppen.se\/rorelsejurister\/#organization\"},\"potentialAction\":[{\"@type\":\"SearchAction\",\"target\":{\"@type\":\"EntryPoint\",\"urlTemplate\":\"https:\/\/arenagruppen.se\/rorelsejurister\/?s={search_term_string}\"},\"query-input\":\"required name=search_term_string\"}],\"inLanguage\":\"sv-SE\"},{\"@type\":\"Organization\",\"@id\":\"https:\/\/arenagruppen.se\/rorelsejurister\/#organization\",\"name\":\"Akademin f\u00f6r R\u00f6relsejurister\",\"url\":\"https:\/\/arenagruppen.se\/rorelsejurister\/\",\"logo\":{\"@type\":\"ImageObject\",\"inLanguage\":\"sv-SE\",\"@id\":\"https:\/\/arenagruppen.se\/rorelsejurister\/#\/schema\/logo\/image\/\",\"url\":\"https:\/\/arenagruppen.se\/rorelsejurister\/wp-content\/uploads\/sites\/11\/2024\/01\/resurs-1.png\",\"contentUrl\":\"https:\/\/arenagruppen.se\/rorelsejurister\/wp-content\/uploads\/sites\/11\/2024\/01\/resurs-1.png\",\"width\":1206,\"height\":313,\"caption\":\"Akademin f\u00f6r R\u00f6relsejurister\"},\"image\":{\"@id\":\"https:\/\/arenagruppen.se\/rorelsejurister\/#\/schema\/logo\/image\/\"}},{\"@type\":\"Person\",\"@id\":\"https:\/\/arenagruppen.se\/rorelsejurister\/#\/schema\/person\/2c2a8761ff5c3b70360aaec5bf3b28d6\",\"name\":\"admin\",\"image\":{\"@type\":\"ImageObject\",\"inLanguage\":\"sv-SE\",\"@id\":\"https:\/\/arenagruppen.se\/rorelsejurister\/#\/schema\/person\/image\/\",\"url\":\"https:\/\/secure.gravatar.com\/avatar\/3e206016c760cb4ecabbc56cc2b6c170b4d6824facf04af1709437f3e1d73332?s=96&d=mm&r=g\",\"contentUrl\":\"https:\/\/secure.gravatar.com\/avatar\/3e206016c760cb4ecabbc56cc2b6c170b4d6824facf04af1709437f3e1d73332?s=96&d=mm&r=g\",\"caption\":\"admin\"},\"url\":\"https:\/\/arenagruppen.se\/rorelsejurister\/author\/admin\/\"}]}<\/script>\n<!-- \/ Yoast SEO plugin. -->","yoast_head_json":{"title":"Vem har r\u00e4tt? - Akademin f\u00f6r R\u00f6relsejurister","robots":{"index":"index","follow":"follow","max-snippet":"max-snippet:-1","max-image-preview":"max-image-preview:large","max-video-preview":"max-video-preview:-1"},"canonical":"https:\/\/arenagruppen.se\/rorelsejurister\/2022\/04\/25\/vem-har-ratt\/","og_locale":"sv_SE","og_type":"article","og_title":"Vem har r\u00e4tt? - Akademin f\u00f6r R\u00f6relsejurister","og_description":"Podd om r\u00f6relsejuridiken med Fatima Osman och Joanna Herskovits; \u201cVem har r\u00e4tt?\u201d Lyssna h\u00e4r: https:\/\/arenaide.se\/vem-har-ratt\/","og_url":"https:\/\/arenagruppen.se\/rorelsejurister\/2022\/04\/25\/vem-har-ratt\/","og_site_name":"Akademin f\u00f6r R\u00f6relsejurister","article_published_time":"2022-04-25T08:35:49+00:00","article_modified_time":"2026-04-10T20:18:02+00:00","og_image":[{"width":1810,"height":2560,"url":"https:\/\/arenagruppen.se\/rorelsejurister\/wp-content\/uploads\/sites\/11\/2025\/04\/namnlost-1-1-scaled.jpg","type":"image\/jpeg"}],"author":"admin","twitter_card":"summary_large_image","twitter_misc":{"Skriven av":"admin","Ber\u00e4knad l\u00e4stid":"1 minut"},"schema":{"@context":"https:\/\/schema.org","@graph":[{"@type":"Article","@id":"https:\/\/arenagruppen.se\/rorelsejurister\/2022\/04\/25\/vem-har-ratt\/#article","isPartOf":{"@id":"https:\/\/arenagruppen.se\/rorelsejurister\/2022\/04\/25\/vem-har-ratt\/"},"author":{"name":"admin","@id":"https:\/\/arenagruppen.se\/rorelsejurister\/#\/schema\/person\/2c2a8761ff5c3b70360aaec5bf3b28d6"},"headline":"Vem har r\u00e4tt?","datePublished":"2022-04-25T08:35:49+00:00","dateModified":"2026-04-10T20:18:02+00:00","mainEntityOfPage":{"@id":"https:\/\/arenagruppen.se\/rorelsejurister\/2022\/04\/25\/vem-har-ratt\/"},"wordCount":26,"commentCount":0,"publisher":{"@id":"https:\/\/arenagruppen.se\/rorelsejurister\/#organization"},"articleSection":["Rapport"],"inLanguage":"sv-SE","potentialAction":[{"@type":"CommentAction","name":"Comment","target":["https:\/\/arenagruppen.se\/rorelsejurister\/2022\/04\/25\/vem-har-ratt\/#respond"]}]},{"@type":"WebPage","@id":"https:\/\/arenagruppen.se\/rorelsejurister\/2022\/04\/25\/vem-har-ratt\/","url":"https:\/\/arenagruppen.se\/rorelsejurister\/2022\/04\/25\/vem-har-ratt\/","name":"Vem har r\u00e4tt? - Akademin f\u00f6r R\u00f6relsejurister","isPartOf":{"@id":"https:\/\/arenagruppen.se\/rorelsejurister\/#website"},"datePublished":"2022-04-25T08:35:49+00:00","dateModified":"2026-04-10T20:18:02+00:00","breadcrumb":{"@id":"https:\/\/arenagruppen.se\/rorelsejurister\/2022\/04\/25\/vem-har-ratt\/#breadcrumb"},"inLanguage":"sv-SE","potentialAction":[{"@type":"ReadAction","target":["https:\/\/arenagruppen.se\/rorelsejurister\/2022\/04\/25\/vem-har-ratt\/"]}]},{"@type":"BreadcrumbList","@id":"https:\/\/arenagruppen.se\/rorelsejurister\/2022\/04\/25\/vem-har-ratt\/#breadcrumb","itemListElement":[{"@type":"ListItem","position":1,"name":"Hem","item":"https:\/\/arenagruppen.se\/rorelsejurister\/"},{"@type":"ListItem","position":2,"name":"Vem har r\u00e4tt?"}]},{"@type":"WebSite","@id":"https:\/\/arenagruppen.se\/rorelsejurister\/#website","url":"https:\/\/arenagruppen.se\/rorelsejurister\/","name":"Akademin f\u00f6r R\u00f6relsejurister","description":"","publisher":{"@id":"https:\/\/arenagruppen.se\/rorelsejurister\/#organization"},"potentialAction":[{"@type":"SearchAction","target":{"@type":"EntryPoint","urlTemplate":"https:\/\/arenagruppen.se\/rorelsejurister\/?s={search_term_string}"},"query-input":"required name=search_term_string"}],"inLanguage":"sv-SE"},{"@type":"Organization","@id":"https:\/\/arenagruppen.se\/rorelsejurister\/#organization","name":"Akademin f\u00f6r R\u00f6relsejurister","url":"https:\/\/arenagruppen.se\/rorelsejurister\/","logo":{"@type":"ImageObject","inLanguage":"sv-SE","@id":"https:\/\/arenagruppen.se\/rorelsejurister\/#\/schema\/logo\/image\/","url":"https:\/\/arenagruppen.se\/rorelsejurister\/wp-content\/uploads\/sites\/11\/2024\/01\/resurs-1.png","contentUrl":"https:\/\/arenagruppen.se\/rorelsejurister\/wp-content\/uploads\/sites\/11\/2024\/01\/resurs-1.png","width":1206,"height":313,"caption":"Akademin f\u00f6r R\u00f6relsejurister"},"image":{"@id":"https:\/\/arenagruppen.se\/rorelsejurister\/#\/schema\/logo\/image\/"}},{"@type":"Person","@id":"https:\/\/arenagruppen.se\/rorelsejurister\/#\/schema\/person\/2c2a8761ff5c3b70360aaec5bf3b28d6","name":"admin","image":{"@type":"ImageObject","inLanguage":"sv-SE","@id":"https:\/\/arenagruppen.se\/rorelsejurister\/#\/schema\/person\/image\/","url":"https:\/\/secure.gravatar.com\/avatar\/3e206016c760cb4ecabbc56cc2b6c170b4d6824facf04af1709437f3e1d73332?s=96&d=mm&r=g","contentUrl":"https:\/\/secure.gravatar.com\/avatar\/3e206016c760cb4ecabbc56cc2b6c170b4d6824facf04af1709437f3e1d73332?s=96&d=mm&r=g","caption":"admin"},"url":"https:\/\/arenagruppen.se\/rorelsejurister\/author\/admin\/"}]}},"_links":{"self":[{"href":"https:\/\/arenagruppen.se\/rorelsejurister\/wp-json\/wp\/v2\/posts\/277","targetHints":{"allow":["GET"]}}],"collection":[{"href":"https:\/\/arenagruppen.se\/rorelsejurister\/wp-json\/wp\/v2\/posts"}],"about":[{"href":"https:\/\/arenagruppen.se\/rorelsejurister\/wp-json\/wp\/v2\/types\/post"}],"author":[{"embeddable":true,"href":"https:\/\/arenagruppen.se\/rorelsejurister\/wp-json\/wp\/v2\/users\/1"}],"replies":[{"embeddable":true,"href":"https:\/\/arenagruppen.se\/rorelsejurister\/wp-json\/wp\/v2\/comments?post=277"}],"version-history":[{"count":3,"href":"https:\/\/arenagruppen.se\/rorelsejurister\/wp-json\/wp\/v2\/posts\/277\/revisions"}],"predecessor-version":[{"id":322,"href":"https:\/\/arenagruppen.se\/rorelsejurister\/wp-json\/wp\/v2\/posts\/277\/revisions\/322"}],"wp:featuredmedia":[{"embeddable":true,"href":"https:\/\/arenagruppen.se\/rorelsejurister\/wp-json\/wp\/v2\/media\/281"}],"wp:attachment":[{"href":"https:\/\/arenagruppen.se\/rorelsejurister\/wp-json\/wp\/v2\/media?parent=277"}],"wp:term":[{"taxonomy":"category","embeddable":true,"href":"https:\/\/arenagruppen.se\/rorelsejurister\/wp-json\/wp\/v2\/categories?post=277"},{"taxonomy":"post_tag","embeddable":true,"href":"https:\/\/arenagruppen.se\/rorelsejurister\/wp-json\/wp\/v2\/tags?post=277"}],"curies":[{"name":"wp","href":"https:\/\/api.w.org\/{rel}","templated":true}]}}