{"id":256,"date":"2025-04-11T21:24:04","date_gmt":"2025-04-11T19:24:04","guid":{"rendered":"https:\/\/arenagruppen.se\/rorelsejurister\/?p=256"},"modified":"2026-04-10T22:04:54","modified_gmt":"2026-04-10T20:04:54","slug":"intervju-med-tidigare-deltagare","status":"publish","type":"post","link":"https:\/\/arenagruppen.se\/rorelsejurister\/2025\/04\/11\/intervju-med-tidigare-deltagare\/","title":{"rendered":"Fr\u00e5gor till tidigare deltagare Noor Al Hasseni"},"content":{"rendered":"\n<div class=\"wp-block-group is-vertical is-layout-flex wp-container-core-group-is-layout-fe9cc265 wp-block-group-is-layout-flex\">\n<figure class=\"wp-block-image size-large\"><img fetchpriority=\"high\" decoding=\"async\" width=\"1024\" height=\"1022\" src=\"https:\/\/arenagruppen.se\/rorelsejurister\/wp-content\/uploads\/sites\/11\/2025\/04\/unnamed-1-1024x1022.jpg\" alt=\"\" class=\"wp-image-251\" srcset=\"https:\/\/arenagruppen.se\/rorelsejurister\/wp-content\/uploads\/sites\/11\/2025\/04\/unnamed-1-1024x1022.jpg 1024w, https:\/\/arenagruppen.se\/rorelsejurister\/wp-content\/uploads\/sites\/11\/2025\/04\/unnamed-1-300x300.jpg 300w, https:\/\/arenagruppen.se\/rorelsejurister\/wp-content\/uploads\/sites\/11\/2025\/04\/unnamed-1-150x150.jpg 150w, https:\/\/arenagruppen.se\/rorelsejurister\/wp-content\/uploads\/sites\/11\/2025\/04\/unnamed-1-768x766.jpg 768w, https:\/\/arenagruppen.se\/rorelsejurister\/wp-content\/uploads\/sites\/11\/2025\/04\/unnamed-1.jpg 1234w\" sizes=\"(max-width: 1024px) 100vw, 1024px\" \/><\/figure>\n\n\n\n<p>H\u00e4r f\u00e5r ni kort l\u00e4ra k\u00e4nna Noor Al Hasseni, numera f\u00e4rdig examinerad jurist och deltagare av Akademin f\u00f6r R\u00f6relsejurister 2024.<\/p>\n\n\n\n<p><strong>Hej Noor, kan du ber\u00e4tta varf\u00f6r ans\u00f6kte du till akademin f\u00f6r r\u00f6relsejurister?<\/strong><\/p>\n\n\n\n<p>Jag s\u00f6kte mig till akademin eftersom jag vill vara en del av ett sammanhang d\u00e4r juridiken anv\u00e4nds som ett verktyg f\u00f6r f\u00f6r\u00e4ndring, inte f\u00f6r att bevara status quo. N\u00e4r jag examinerades fr\u00e5n juristprogrammet k\u00e4nde jag att jag fortfarande inte riktigt visste exakt vad jag ville g\u00f6ra, mer \u00e4n att jag ville arbeta n\u00e5gonstans d\u00e4r jag faktiskt g\u00f6r skillnad. Det juridiska hantverket och hur det driver ett samh\u00e4lle fram\u00e5t har alltid fascinerat mig.<\/p>\n\n\n\n<p>Juridik \u00e4r ocks\u00e5 makt n\u00e4r den hamnar i politikers h\u00e4nder utan tillr\u00e4cklig insyn eller motkraft kan det f\u00e5 katastrofala konsekvenser. Det \u00e4r d\u00e4rf\u00f6r viktigt att det finns akt\u00f6rer som v\u00e5gar ifr\u00e5gas\u00e4tta, belysa och agera n\u00e4r juridiken riskerar att anv\u00e4ndas p\u00e5 ett godtyckligt och r\u00e4ttsos\u00e4kert s\u00e4tt. Jag tyckte att akademin verkade som en bra m\u00f6tesplats, ett kollektiv av m\u00e4nniskor som v\u00e4rnar om r\u00e4ttss\u00e4kerhet och som vill diskutera hur vi kan anv\u00e4nda juridiken som ett verktyg f\u00f6r att motverka or\u00e4ttvisor.<\/p>\n\n\n\n<p><strong>Vad k\u00e4nde du att du fick med dig d\u00e4rifr\u00e5n?<\/strong><\/p>\n\n\n\n<p>Gemenskap. Inspiration. Perspektiv. Det har varit fantastiskt att f\u00e5 ta del av den enorma kunskap m\u00e4nniskorna jag tr\u00e4ffat besitter. En viktig l\u00e4rdom kom ocks\u00e5 bara fr\u00e5n sammans\u00e4ttningen av gruppen. Vi var s\u00e5v\u00e4l nya som erfarna jurister vars kompetens str\u00e4ckte sig \u00f6ver flera r\u00e4ttsomr\u00e5den (och inte bara humanjuridiska!).Det fick mig att inse att min aktivism inte beh\u00f6ver vara mitt levebr\u00f6d. Ett visst \u201davst\u00e5nd\u201d g\u00f6r att engagemanget f\u00e5r andas och att orken r\u00e4cker l\u00e4ngre. Vi lever i en v\u00e4rld med fasor som man n\u00e4stan blivit avtrubbad mot, men f\u00f6r att orka st\u00e5 kvar i det m\u00e5ste man ocks\u00e5 f\u00e5 finnas som hel m\u00e4nniska, inte bara som jurist eller aktivism.<\/p>\n<\/div>\n","protected":false},"excerpt":{"rendered":"<p>H\u00e4r f\u00e5r ni kort l\u00e4ra k\u00e4nna Noor Al Hasseni, numera f\u00e4rdig examinerad jurist och deltagare av Akademin f\u00f6r R\u00f6relsejurister 2024. Hej Noor, kan du ber\u00e4tta varf\u00f6r ans\u00f6kte du till akademin f\u00f6r r\u00f6relsejurister? Jag s\u00f6kte mig till akademin eftersom jag vill vara en del av ett sammanhang d\u00e4r juridiken anv\u00e4nds som ett verktyg f\u00f6r f\u00f6r\u00e4ndring, inte [&hellip;]<\/p>\n","protected":false},"author":10,"featured_media":251,"comment_status":"open","ping_status":"open","sticky":false,"template":"","format":"standard","meta":{"footnotes":""},"categories":[1],"tags":[],"class_list":["post-256","post","type-post","status-publish","format-standard","has-post-thumbnail","hentry","category-okategoriserade"],"yoast_head":"<!-- This site is optimized with the Yoast SEO plugin v19.12 - https:\/\/yoast.com\/wordpress\/plugins\/seo\/ -->\n<title>Fr\u00e5gor till tidigare deltagare Noor Al Hasseni - Akademin f\u00f6r R\u00f6relsejurister<\/title>\n<meta name=\"robots\" content=\"index, follow, max-snippet:-1, max-image-preview:large, max-video-preview:-1\" \/>\n<link rel=\"canonical\" href=\"https:\/\/arenagruppen.se\/rorelsejurister\/2025\/04\/11\/intervju-med-tidigare-deltagare\/\" \/>\n<meta property=\"og:locale\" content=\"sv_SE\" \/>\n<meta property=\"og:type\" content=\"article\" \/>\n<meta property=\"og:title\" content=\"Fr\u00e5gor till tidigare deltagare Noor Al Hasseni - Akademin f\u00f6r R\u00f6relsejurister\" \/>\n<meta property=\"og:description\" content=\"H\u00e4r f\u00e5r ni kort l\u00e4ra k\u00e4nna Noor Al Hasseni, numera f\u00e4rdig examinerad jurist och deltagare av Akademin f\u00f6r R\u00f6relsejurister 2024. Hej Noor, kan du ber\u00e4tta varf\u00f6r ans\u00f6kte du till akademin f\u00f6r r\u00f6relsejurister? Jag s\u00f6kte mig till akademin eftersom jag vill vara en del av ett sammanhang d\u00e4r juridiken anv\u00e4nds som ett verktyg f\u00f6r f\u00f6r\u00e4ndring, inte [&hellip;]\" \/>\n<meta property=\"og:url\" content=\"https:\/\/arenagruppen.se\/rorelsejurister\/2025\/04\/11\/intervju-med-tidigare-deltagare\/\" \/>\n<meta property=\"og:site_name\" content=\"Akademin f\u00f6r R\u00f6relsejurister\" \/>\n<meta property=\"article:published_time\" content=\"2025-04-11T19:24:04+00:00\" \/>\n<meta property=\"article:modified_time\" content=\"2026-04-10T20:04:54+00:00\" \/>\n<meta property=\"og:image\" content=\"https:\/\/arenagruppen.se\/rorelsejurister\/wp-content\/uploads\/sites\/11\/2025\/04\/unnamed-1.jpg\" \/>\n\t<meta property=\"og:image:width\" content=\"1234\" \/>\n\t<meta property=\"og:image:height\" content=\"1231\" \/>\n\t<meta property=\"og:image:type\" content=\"image\/jpeg\" \/>\n<meta name=\"author\" content=\"rorelsejurister\" \/>\n<meta name=\"twitter:card\" content=\"summary_large_image\" \/>\n<meta name=\"twitter:label1\" content=\"Skriven av\" \/>\n\t<meta name=\"twitter:data1\" content=\"rorelsejurister\" \/>\n\t<meta name=\"twitter:label2\" content=\"Ber\u00e4knad l\u00e4stid\" \/>\n\t<meta name=\"twitter:data2\" content=\"2 minuter\" \/>\n<script type=\"application\/ld+json\" class=\"yoast-schema-graph\">{\"@context\":\"https:\/\/schema.org\",\"@graph\":[{\"@type\":\"Article\",\"@id\":\"https:\/\/arenagruppen.se\/rorelsejurister\/2025\/04\/11\/intervju-med-tidigare-deltagare\/#article\",\"isPartOf\":{\"@id\":\"https:\/\/arenagruppen.se\/rorelsejurister\/2025\/04\/11\/intervju-med-tidigare-deltagare\/\"},\"author\":{\"name\":\"rorelsejurister\",\"@id\":\"https:\/\/arenagruppen.se\/rorelsejurister\/#\/schema\/person\/3fb645d43eaed40a83ff163c9cb3085d\"},\"headline\":\"Fr\u00e5gor till tidigare deltagare Noor Al Hasseni\",\"datePublished\":\"2025-04-11T19:24:04+00:00\",\"dateModified\":\"2026-04-10T20:04:54+00:00\",\"mainEntityOfPage\":{\"@id\":\"https:\/\/arenagruppen.se\/rorelsejurister\/2025\/04\/11\/intervju-med-tidigare-deltagare\/\"},\"wordCount\":381,\"commentCount\":0,\"publisher\":{\"@id\":\"https:\/\/arenagruppen.se\/rorelsejurister\/#organization\"},\"inLanguage\":\"sv-SE\",\"potentialAction\":[{\"@type\":\"CommentAction\",\"name\":\"Comment\",\"target\":[\"https:\/\/arenagruppen.se\/rorelsejurister\/2025\/04\/11\/intervju-med-tidigare-deltagare\/#respond\"]}]},{\"@type\":\"WebPage\",\"@id\":\"https:\/\/arenagruppen.se\/rorelsejurister\/2025\/04\/11\/intervju-med-tidigare-deltagare\/\",\"url\":\"https:\/\/arenagruppen.se\/rorelsejurister\/2025\/04\/11\/intervju-med-tidigare-deltagare\/\",\"name\":\"Fr\u00e5gor till tidigare deltagare Noor Al Hasseni - Akademin f\u00f6r R\u00f6relsejurister\",\"isPartOf\":{\"@id\":\"https:\/\/arenagruppen.se\/rorelsejurister\/#website\"},\"datePublished\":\"2025-04-11T19:24:04+00:00\",\"dateModified\":\"2026-04-10T20:04:54+00:00\",\"breadcrumb\":{\"@id\":\"https:\/\/arenagruppen.se\/rorelsejurister\/2025\/04\/11\/intervju-med-tidigare-deltagare\/#breadcrumb\"},\"inLanguage\":\"sv-SE\",\"potentialAction\":[{\"@type\":\"ReadAction\",\"target\":[\"https:\/\/arenagruppen.se\/rorelsejurister\/2025\/04\/11\/intervju-med-tidigare-deltagare\/\"]}]},{\"@type\":\"BreadcrumbList\",\"@id\":\"https:\/\/arenagruppen.se\/rorelsejurister\/2025\/04\/11\/intervju-med-tidigare-deltagare\/#breadcrumb\",\"itemListElement\":[{\"@type\":\"ListItem\",\"position\":1,\"name\":\"Hem\",\"item\":\"https:\/\/arenagruppen.se\/rorelsejurister\/\"},{\"@type\":\"ListItem\",\"position\":2,\"name\":\"Fr\u00e5gor till tidigare deltagare Noor Al Hasseni\"}]},{\"@type\":\"WebSite\",\"@id\":\"https:\/\/arenagruppen.se\/rorelsejurister\/#website\",\"url\":\"https:\/\/arenagruppen.se\/rorelsejurister\/\",\"name\":\"Akademin f\u00f6r R\u00f6relsejurister\",\"description\":\"\",\"publisher\":{\"@id\":\"https:\/\/arenagruppen.se\/rorelsejurister\/#organization\"},\"potentialAction\":[{\"@type\":\"SearchAction\",\"target\":{\"@type\":\"EntryPoint\",\"urlTemplate\":\"https:\/\/arenagruppen.se\/rorelsejurister\/?s={search_term_string}\"},\"query-input\":\"required name=search_term_string\"}],\"inLanguage\":\"sv-SE\"},{\"@type\":\"Organization\",\"@id\":\"https:\/\/arenagruppen.se\/rorelsejurister\/#organization\",\"name\":\"Akademin f\u00f6r R\u00f6relsejurister\",\"url\":\"https:\/\/arenagruppen.se\/rorelsejurister\/\",\"logo\":{\"@type\":\"ImageObject\",\"inLanguage\":\"sv-SE\",\"@id\":\"https:\/\/arenagruppen.se\/rorelsejurister\/#\/schema\/logo\/image\/\",\"url\":\"https:\/\/arenagruppen.se\/rorelsejurister\/wp-content\/uploads\/sites\/11\/2024\/01\/resurs-1.png\",\"contentUrl\":\"https:\/\/arenagruppen.se\/rorelsejurister\/wp-content\/uploads\/sites\/11\/2024\/01\/resurs-1.png\",\"width\":1206,\"height\":313,\"caption\":\"Akademin f\u00f6r R\u00f6relsejurister\"},\"image\":{\"@id\":\"https:\/\/arenagruppen.se\/rorelsejurister\/#\/schema\/logo\/image\/\"}},{\"@type\":\"Person\",\"@id\":\"https:\/\/arenagruppen.se\/rorelsejurister\/#\/schema\/person\/3fb645d43eaed40a83ff163c9cb3085d\",\"name\":\"rorelsejurister\",\"image\":{\"@type\":\"ImageObject\",\"inLanguage\":\"sv-SE\",\"@id\":\"https:\/\/arenagruppen.se\/rorelsejurister\/#\/schema\/person\/image\/\",\"url\":\"https:\/\/secure.gravatar.com\/avatar\/269344eab6ec462426b902d4a0bdc5ed8989f16af0a3f4654eea0e53c8de872a?s=96&d=mm&r=g\",\"contentUrl\":\"https:\/\/secure.gravatar.com\/avatar\/269344eab6ec462426b902d4a0bdc5ed8989f16af0a3f4654eea0e53c8de872a?s=96&d=mm&r=g\",\"caption\":\"rorelsejurister\"},\"url\":\"https:\/\/arenagruppen.se\/rorelsejurister\/author\/rorelsejurister\/\"}]}<\/script>\n<!-- \/ Yoast SEO plugin. -->","yoast_head_json":{"title":"Fr\u00e5gor till tidigare deltagare Noor Al Hasseni - Akademin f\u00f6r R\u00f6relsejurister","robots":{"index":"index","follow":"follow","max-snippet":"max-snippet:-1","max-image-preview":"max-image-preview:large","max-video-preview":"max-video-preview:-1"},"canonical":"https:\/\/arenagruppen.se\/rorelsejurister\/2025\/04\/11\/intervju-med-tidigare-deltagare\/","og_locale":"sv_SE","og_type":"article","og_title":"Fr\u00e5gor till tidigare deltagare Noor Al Hasseni - Akademin f\u00f6r R\u00f6relsejurister","og_description":"H\u00e4r f\u00e5r ni kort l\u00e4ra k\u00e4nna Noor Al Hasseni, numera f\u00e4rdig examinerad jurist och deltagare av Akademin f\u00f6r R\u00f6relsejurister 2024. Hej Noor, kan du ber\u00e4tta varf\u00f6r ans\u00f6kte du till akademin f\u00f6r r\u00f6relsejurister? Jag s\u00f6kte mig till akademin eftersom jag vill vara en del av ett sammanhang d\u00e4r juridiken anv\u00e4nds som ett verktyg f\u00f6r f\u00f6r\u00e4ndring, inte [&hellip;]","og_url":"https:\/\/arenagruppen.se\/rorelsejurister\/2025\/04\/11\/intervju-med-tidigare-deltagare\/","og_site_name":"Akademin f\u00f6r R\u00f6relsejurister","article_published_time":"2025-04-11T19:24:04+00:00","article_modified_time":"2026-04-10T20:04:54+00:00","og_image":[{"width":1234,"height":1231,"url":"https:\/\/arenagruppen.se\/rorelsejurister\/wp-content\/uploads\/sites\/11\/2025\/04\/unnamed-1.jpg","type":"image\/jpeg"}],"author":"rorelsejurister","twitter_card":"summary_large_image","twitter_misc":{"Skriven av":"rorelsejurister","Ber\u00e4knad l\u00e4stid":"2 minuter"},"schema":{"@context":"https:\/\/schema.org","@graph":[{"@type":"Article","@id":"https:\/\/arenagruppen.se\/rorelsejurister\/2025\/04\/11\/intervju-med-tidigare-deltagare\/#article","isPartOf":{"@id":"https:\/\/arenagruppen.se\/rorelsejurister\/2025\/04\/11\/intervju-med-tidigare-deltagare\/"},"author":{"name":"rorelsejurister","@id":"https:\/\/arenagruppen.se\/rorelsejurister\/#\/schema\/person\/3fb645d43eaed40a83ff163c9cb3085d"},"headline":"Fr\u00e5gor till tidigare deltagare Noor Al Hasseni","datePublished":"2025-04-11T19:24:04+00:00","dateModified":"2026-04-10T20:04:54+00:00","mainEntityOfPage":{"@id":"https:\/\/arenagruppen.se\/rorelsejurister\/2025\/04\/11\/intervju-med-tidigare-deltagare\/"},"wordCount":381,"commentCount":0,"publisher":{"@id":"https:\/\/arenagruppen.se\/rorelsejurister\/#organization"},"inLanguage":"sv-SE","potentialAction":[{"@type":"CommentAction","name":"Comment","target":["https:\/\/arenagruppen.se\/rorelsejurister\/2025\/04\/11\/intervju-med-tidigare-deltagare\/#respond"]}]},{"@type":"WebPage","@id":"https:\/\/arenagruppen.se\/rorelsejurister\/2025\/04\/11\/intervju-med-tidigare-deltagare\/","url":"https:\/\/arenagruppen.se\/rorelsejurister\/2025\/04\/11\/intervju-med-tidigare-deltagare\/","name":"Fr\u00e5gor till tidigare deltagare Noor Al Hasseni - Akademin f\u00f6r R\u00f6relsejurister","isPartOf":{"@id":"https:\/\/arenagruppen.se\/rorelsejurister\/#website"},"datePublished":"2025-04-11T19:24:04+00:00","dateModified":"2026-04-10T20:04:54+00:00","breadcrumb":{"@id":"https:\/\/arenagruppen.se\/rorelsejurister\/2025\/04\/11\/intervju-med-tidigare-deltagare\/#breadcrumb"},"inLanguage":"sv-SE","potentialAction":[{"@type":"ReadAction","target":["https:\/\/arenagruppen.se\/rorelsejurister\/2025\/04\/11\/intervju-med-tidigare-deltagare\/"]}]},{"@type":"BreadcrumbList","@id":"https:\/\/arenagruppen.se\/rorelsejurister\/2025\/04\/11\/intervju-med-tidigare-deltagare\/#breadcrumb","itemListElement":[{"@type":"ListItem","position":1,"name":"Hem","item":"https:\/\/arenagruppen.se\/rorelsejurister\/"},{"@type":"ListItem","position":2,"name":"Fr\u00e5gor till tidigare deltagare Noor Al Hasseni"}]},{"@type":"WebSite","@id":"https:\/\/arenagruppen.se\/rorelsejurister\/#website","url":"https:\/\/arenagruppen.se\/rorelsejurister\/","name":"Akademin f\u00f6r R\u00f6relsejurister","description":"","publisher":{"@id":"https:\/\/arenagruppen.se\/rorelsejurister\/#organization"},"potentialAction":[{"@type":"SearchAction","target":{"@type":"EntryPoint","urlTemplate":"https:\/\/arenagruppen.se\/rorelsejurister\/?s={search_term_string}"},"query-input":"required name=search_term_string"}],"inLanguage":"sv-SE"},{"@type":"Organization","@id":"https:\/\/arenagruppen.se\/rorelsejurister\/#organization","name":"Akademin f\u00f6r R\u00f6relsejurister","url":"https:\/\/arenagruppen.se\/rorelsejurister\/","logo":{"@type":"ImageObject","inLanguage":"sv-SE","@id":"https:\/\/arenagruppen.se\/rorelsejurister\/#\/schema\/logo\/image\/","url":"https:\/\/arenagruppen.se\/rorelsejurister\/wp-content\/uploads\/sites\/11\/2024\/01\/resurs-1.png","contentUrl":"https:\/\/arenagruppen.se\/rorelsejurister\/wp-content\/uploads\/sites\/11\/2024\/01\/resurs-1.png","width":1206,"height":313,"caption":"Akademin f\u00f6r R\u00f6relsejurister"},"image":{"@id":"https:\/\/arenagruppen.se\/rorelsejurister\/#\/schema\/logo\/image\/"}},{"@type":"Person","@id":"https:\/\/arenagruppen.se\/rorelsejurister\/#\/schema\/person\/3fb645d43eaed40a83ff163c9cb3085d","name":"rorelsejurister","image":{"@type":"ImageObject","inLanguage":"sv-SE","@id":"https:\/\/arenagruppen.se\/rorelsejurister\/#\/schema\/person\/image\/","url":"https:\/\/secure.gravatar.com\/avatar\/269344eab6ec462426b902d4a0bdc5ed8989f16af0a3f4654eea0e53c8de872a?s=96&d=mm&r=g","contentUrl":"https:\/\/secure.gravatar.com\/avatar\/269344eab6ec462426b902d4a0bdc5ed8989f16af0a3f4654eea0e53c8de872a?s=96&d=mm&r=g","caption":"rorelsejurister"},"url":"https:\/\/arenagruppen.se\/rorelsejurister\/author\/rorelsejurister\/"}]}},"_links":{"self":[{"href":"https:\/\/arenagruppen.se\/rorelsejurister\/wp-json\/wp\/v2\/posts\/256","targetHints":{"allow":["GET"]}}],"collection":[{"href":"https:\/\/arenagruppen.se\/rorelsejurister\/wp-json\/wp\/v2\/posts"}],"about":[{"href":"https:\/\/arenagruppen.se\/rorelsejurister\/wp-json\/wp\/v2\/types\/post"}],"author":[{"embeddable":true,"href":"https:\/\/arenagruppen.se\/rorelsejurister\/wp-json\/wp\/v2\/users\/10"}],"replies":[{"embeddable":true,"href":"https:\/\/arenagruppen.se\/rorelsejurister\/wp-json\/wp\/v2\/comments?post=256"}],"version-history":[{"count":7,"href":"https:\/\/arenagruppen.se\/rorelsejurister\/wp-json\/wp\/v2\/posts\/256\/revisions"}],"predecessor-version":[{"id":316,"href":"https:\/\/arenagruppen.se\/rorelsejurister\/wp-json\/wp\/v2\/posts\/256\/revisions\/316"}],"wp:featuredmedia":[{"embeddable":true,"href":"https:\/\/arenagruppen.se\/rorelsejurister\/wp-json\/wp\/v2\/media\/251"}],"wp:attachment":[{"href":"https:\/\/arenagruppen.se\/rorelsejurister\/wp-json\/wp\/v2\/media?parent=256"}],"wp:term":[{"taxonomy":"category","embeddable":true,"href":"https:\/\/arenagruppen.se\/rorelsejurister\/wp-json\/wp\/v2\/categories?post=256"},{"taxonomy":"post_tag","embeddable":true,"href":"https:\/\/arenagruppen.se\/rorelsejurister\/wp-json\/wp\/v2\/tags?post=256"}],"curies":[{"name":"wp","href":"https:\/\/api.w.org\/{rel}","templated":true}]}}