{"id":465,"date":"2025-03-24T14:09:28","date_gmt":"2025-03-24T13:09:28","guid":{"rendered":"https:\/\/arenagruppen.se\/produktivitetskommissionen\/?p=465"},"modified":"2025-03-24T14:09:29","modified_gmt":"2025-03-24T13:09:29","slug":"kronika-mer-av-samma-sanker-inte-arbetslosheten","status":"publish","type":"post","link":"https:\/\/arenagruppen.se\/produktivitetskommissionen\/2025\/03\/24\/kronika-mer-av-samma-sanker-inte-arbetslosheten\/","title":{"rendered":"Kr\u00f6nika: Mer av samma s\u00e4nker inte arbetsl\u00f6sheten"},"content":{"rendered":"\n<figure class=\"wp-block-embed is-type-wp-embed is-provider-dagens-arena wp-block-embed-dagens-arena\"><div class=\"wp-block-embed__wrapper\">\n<blockquote class=\"wp-embedded-content\" data-secret=\"VSpc9FfUvS\"><a href=\"https:\/\/www.dagensarena.se\/opinion\/mer-av-samma-sanker-inte-arbetslosheten\/\">Mer av samma s\u00e4nker inte arbetsl\u00f6sheten<\/a><\/blockquote><iframe class=\"wp-embedded-content\" sandbox=\"allow-scripts\" security=\"restricted\" style=\"position: absolute; visibility: hidden;\" title=\"\u201dMer av samma s\u00e4nker inte arbetsl\u00f6sheten\u201d &ndash; Dagens Arena\" src=\"https:\/\/www.dagensarena.se\/opinion\/mer-av-samma-sanker-inte-arbetslosheten\/embed\/#?secret=HdKG2sU3vQ#?secret=VSpc9FfUvS\" data-secret=\"VSpc9FfUvS\" width=\"500\" height=\"282\" frameborder=\"0\" marginwidth=\"0\" marginheight=\"0\" scrolling=\"no\"><\/iframe>\n<\/div><\/figure>\n","protected":false},"excerpt":{"rendered":"<p>Kr\u00f6nika i Dagens Arena.<\/p>\n","protected":false},"author":1,"featured_media":0,"comment_status":"open","ping_status":"open","sticky":false,"template":"","format":"standard","meta":{"footnotes":""},"categories":[9,8],"tags":[],"class_list":["post-465","post","type-post","status-publish","format-standard","hentry","category-kronika-och-analys","category-nyheter"],"yoast_head":"<!-- This site is optimized with the Yoast SEO plugin v19.12 - https:\/\/yoast.com\/wordpress\/plugins\/seo\/ -->\n<title>Kr\u00f6nika: Mer av samma s\u00e4nker inte arbetsl\u00f6sheten - Facken inom industrins produktivitetskommission<\/title>\n<meta name=\"robots\" content=\"index, follow, max-snippet:-1, max-image-preview:large, max-video-preview:-1\" \/>\n<link rel=\"canonical\" href=\"https:\/\/arenagruppen.se\/produktivitetskommissionen\/2025\/03\/24\/kronika-mer-av-samma-sanker-inte-arbetslosheten\/\" \/>\n<meta property=\"og:locale\" content=\"sv_SE\" \/>\n<meta property=\"og:type\" content=\"article\" \/>\n<meta property=\"og:title\" content=\"Kr\u00f6nika: Mer av samma s\u00e4nker inte arbetsl\u00f6sheten - Facken inom industrins produktivitetskommission\" \/>\n<meta property=\"og:description\" content=\"Kr\u00f6nika i Dagens Arena.\" \/>\n<meta property=\"og:url\" content=\"https:\/\/arenagruppen.se\/produktivitetskommissionen\/2025\/03\/24\/kronika-mer-av-samma-sanker-inte-arbetslosheten\/\" \/>\n<meta property=\"og:site_name\" content=\"Facken inom industrins produktivitetskommission\" \/>\n<meta property=\"article:published_time\" content=\"2025-03-24T13:09:28+00:00\" \/>\n<meta property=\"article:modified_time\" content=\"2025-03-24T13:09:29+00:00\" \/>\n<meta name=\"author\" content=\"admin\" \/>\n<meta name=\"twitter:card\" content=\"summary_large_image\" \/>\n<meta name=\"twitter:label1\" content=\"Skriven av\" \/>\n\t<meta name=\"twitter:data1\" content=\"admin\" \/>\n<script type=\"application\/ld+json\" class=\"yoast-schema-graph\">{\"@context\":\"https:\/\/schema.org\",\"@graph\":[{\"@type\":\"Article\",\"@id\":\"https:\/\/arenagruppen.se\/produktivitetskommissionen\/2025\/03\/24\/kronika-mer-av-samma-sanker-inte-arbetslosheten\/#article\",\"isPartOf\":{\"@id\":\"https:\/\/arenagruppen.se\/produktivitetskommissionen\/2025\/03\/24\/kronika-mer-av-samma-sanker-inte-arbetslosheten\/\"},\"author\":{\"name\":\"admin\",\"@id\":\"https:\/\/arenagruppen.se\/produktivitetskommissionen\/#\/schema\/person\/2c2a8761ff5c3b70360aaec5bf3b28d6\"},\"headline\":\"Kr\u00f6nika: Mer av samma s\u00e4nker inte arbetsl\u00f6sheten\",\"datePublished\":\"2025-03-24T13:09:28+00:00\",\"dateModified\":\"2025-03-24T13:09:29+00:00\",\"mainEntityOfPage\":{\"@id\":\"https:\/\/arenagruppen.se\/produktivitetskommissionen\/2025\/03\/24\/kronika-mer-av-samma-sanker-inte-arbetslosheten\/\"},\"wordCount\":16,\"commentCount\":0,\"publisher\":{\"@id\":\"https:\/\/arenagruppen.se\/produktivitetskommissionen\/#organization\"},\"articleSection\":[\"Kr\u00f6nika och analys\",\"Nyheter\"],\"inLanguage\":\"sv-SE\",\"potentialAction\":[{\"@type\":\"CommentAction\",\"name\":\"Comment\",\"target\":[\"https:\/\/arenagruppen.se\/produktivitetskommissionen\/2025\/03\/24\/kronika-mer-av-samma-sanker-inte-arbetslosheten\/#respond\"]}]},{\"@type\":\"WebPage\",\"@id\":\"https:\/\/arenagruppen.se\/produktivitetskommissionen\/2025\/03\/24\/kronika-mer-av-samma-sanker-inte-arbetslosheten\/\",\"url\":\"https:\/\/arenagruppen.se\/produktivitetskommissionen\/2025\/03\/24\/kronika-mer-av-samma-sanker-inte-arbetslosheten\/\",\"name\":\"Kr\u00f6nika: Mer av samma s\u00e4nker inte arbetsl\u00f6sheten - Facken inom industrins produktivitetskommission\",\"isPartOf\":{\"@id\":\"https:\/\/arenagruppen.se\/produktivitetskommissionen\/#website\"},\"datePublished\":\"2025-03-24T13:09:28+00:00\",\"dateModified\":\"2025-03-24T13:09:29+00:00\",\"breadcrumb\":{\"@id\":\"https:\/\/arenagruppen.se\/produktivitetskommissionen\/2025\/03\/24\/kronika-mer-av-samma-sanker-inte-arbetslosheten\/#breadcrumb\"},\"inLanguage\":\"sv-SE\",\"potentialAction\":[{\"@type\":\"ReadAction\",\"target\":[\"https:\/\/arenagruppen.se\/produktivitetskommissionen\/2025\/03\/24\/kronika-mer-av-samma-sanker-inte-arbetslosheten\/\"]}]},{\"@type\":\"BreadcrumbList\",\"@id\":\"https:\/\/arenagruppen.se\/produktivitetskommissionen\/2025\/03\/24\/kronika-mer-av-samma-sanker-inte-arbetslosheten\/#breadcrumb\",\"itemListElement\":[{\"@type\":\"ListItem\",\"position\":1,\"name\":\"Hem\",\"item\":\"https:\/\/arenagruppen.se\/produktivitetskommissionen\/\"},{\"@type\":\"ListItem\",\"position\":2,\"name\":\"Kr\u00f6nika: Mer av samma s\u00e4nker inte arbetsl\u00f6sheten\"}]},{\"@type\":\"WebSite\",\"@id\":\"https:\/\/arenagruppen.se\/produktivitetskommissionen\/#website\",\"url\":\"https:\/\/arenagruppen.se\/produktivitetskommissionen\/\",\"name\":\"Facken inom industrins produktivitetskommission\",\"description\":\"\",\"publisher\":{\"@id\":\"https:\/\/arenagruppen.se\/produktivitetskommissionen\/#organization\"},\"potentialAction\":[{\"@type\":\"SearchAction\",\"target\":{\"@type\":\"EntryPoint\",\"urlTemplate\":\"https:\/\/arenagruppen.se\/produktivitetskommissionen\/?s={search_term_string}\"},\"query-input\":\"required name=search_term_string\"}],\"inLanguage\":\"sv-SE\"},{\"@type\":\"Organization\",\"@id\":\"https:\/\/arenagruppen.se\/produktivitetskommissionen\/#organization\",\"name\":\"Facken inom industrins produktivitetskommission\",\"url\":\"https:\/\/arenagruppen.se\/produktivitetskommissionen\/\",\"logo\":{\"@type\":\"ImageObject\",\"inLanguage\":\"sv-SE\",\"@id\":\"https:\/\/arenagruppen.se\/produktivitetskommissionen\/#\/schema\/logo\/image\/\",\"url\":\"https:\/\/arenagruppen.se\/produktivitetskommissionen\/wp-content\/uploads\/sites\/13\/2024\/02\/prodkom.png\",\"contentUrl\":\"https:\/\/arenagruppen.se\/produktivitetskommissionen\/wp-content\/uploads\/sites\/13\/2024\/02\/prodkom.png\",\"width\":448,\"height\":367,\"caption\":\"Facken inom industrins produktivitetskommission\"},\"image\":{\"@id\":\"https:\/\/arenagruppen.se\/produktivitetskommissionen\/#\/schema\/logo\/image\/\"}},{\"@type\":\"Person\",\"@id\":\"https:\/\/arenagruppen.se\/produktivitetskommissionen\/#\/schema\/person\/2c2a8761ff5c3b70360aaec5bf3b28d6\",\"name\":\"admin\",\"image\":{\"@type\":\"ImageObject\",\"inLanguage\":\"sv-SE\",\"@id\":\"https:\/\/arenagruppen.se\/produktivitetskommissionen\/#\/schema\/person\/image\/\",\"url\":\"https:\/\/secure.gravatar.com\/avatar\/3e206016c760cb4ecabbc56cc2b6c170b4d6824facf04af1709437f3e1d73332?s=96&d=mm&r=g\",\"contentUrl\":\"https:\/\/secure.gravatar.com\/avatar\/3e206016c760cb4ecabbc56cc2b6c170b4d6824facf04af1709437f3e1d73332?s=96&d=mm&r=g\",\"caption\":\"admin\"},\"url\":\"https:\/\/arenagruppen.se\/produktivitetskommissionen\/author\/admin\/\"}]}<\/script>\n<!-- \/ Yoast SEO plugin. -->","yoast_head_json":{"title":"Kr\u00f6nika: Mer av samma s\u00e4nker inte arbetsl\u00f6sheten - Facken inom industrins produktivitetskommission","robots":{"index":"index","follow":"follow","max-snippet":"max-snippet:-1","max-image-preview":"max-image-preview:large","max-video-preview":"max-video-preview:-1"},"canonical":"https:\/\/arenagruppen.se\/produktivitetskommissionen\/2025\/03\/24\/kronika-mer-av-samma-sanker-inte-arbetslosheten\/","og_locale":"sv_SE","og_type":"article","og_title":"Kr\u00f6nika: Mer av samma s\u00e4nker inte arbetsl\u00f6sheten - Facken inom industrins produktivitetskommission","og_description":"Kr\u00f6nika i Dagens Arena.","og_url":"https:\/\/arenagruppen.se\/produktivitetskommissionen\/2025\/03\/24\/kronika-mer-av-samma-sanker-inte-arbetslosheten\/","og_site_name":"Facken inom industrins produktivitetskommission","article_published_time":"2025-03-24T13:09:28+00:00","article_modified_time":"2025-03-24T13:09:29+00:00","author":"admin","twitter_card":"summary_large_image","twitter_misc":{"Skriven av":"admin"},"schema":{"@context":"https:\/\/schema.org","@graph":[{"@type":"Article","@id":"https:\/\/arenagruppen.se\/produktivitetskommissionen\/2025\/03\/24\/kronika-mer-av-samma-sanker-inte-arbetslosheten\/#article","isPartOf":{"@id":"https:\/\/arenagruppen.se\/produktivitetskommissionen\/2025\/03\/24\/kronika-mer-av-samma-sanker-inte-arbetslosheten\/"},"author":{"name":"admin","@id":"https:\/\/arenagruppen.se\/produktivitetskommissionen\/#\/schema\/person\/2c2a8761ff5c3b70360aaec5bf3b28d6"},"headline":"Kr\u00f6nika: Mer av samma s\u00e4nker inte arbetsl\u00f6sheten","datePublished":"2025-03-24T13:09:28+00:00","dateModified":"2025-03-24T13:09:29+00:00","mainEntityOfPage":{"@id":"https:\/\/arenagruppen.se\/produktivitetskommissionen\/2025\/03\/24\/kronika-mer-av-samma-sanker-inte-arbetslosheten\/"},"wordCount":16,"commentCount":0,"publisher":{"@id":"https:\/\/arenagruppen.se\/produktivitetskommissionen\/#organization"},"articleSection":["Kr\u00f6nika och analys","Nyheter"],"inLanguage":"sv-SE","potentialAction":[{"@type":"CommentAction","name":"Comment","target":["https:\/\/arenagruppen.se\/produktivitetskommissionen\/2025\/03\/24\/kronika-mer-av-samma-sanker-inte-arbetslosheten\/#respond"]}]},{"@type":"WebPage","@id":"https:\/\/arenagruppen.se\/produktivitetskommissionen\/2025\/03\/24\/kronika-mer-av-samma-sanker-inte-arbetslosheten\/","url":"https:\/\/arenagruppen.se\/produktivitetskommissionen\/2025\/03\/24\/kronika-mer-av-samma-sanker-inte-arbetslosheten\/","name":"Kr\u00f6nika: Mer av samma s\u00e4nker inte arbetsl\u00f6sheten - Facken inom industrins produktivitetskommission","isPartOf":{"@id":"https:\/\/arenagruppen.se\/produktivitetskommissionen\/#website"},"datePublished":"2025-03-24T13:09:28+00:00","dateModified":"2025-03-24T13:09:29+00:00","breadcrumb":{"@id":"https:\/\/arenagruppen.se\/produktivitetskommissionen\/2025\/03\/24\/kronika-mer-av-samma-sanker-inte-arbetslosheten\/#breadcrumb"},"inLanguage":"sv-SE","potentialAction":[{"@type":"ReadAction","target":["https:\/\/arenagruppen.se\/produktivitetskommissionen\/2025\/03\/24\/kronika-mer-av-samma-sanker-inte-arbetslosheten\/"]}]},{"@type":"BreadcrumbList","@id":"https:\/\/arenagruppen.se\/produktivitetskommissionen\/2025\/03\/24\/kronika-mer-av-samma-sanker-inte-arbetslosheten\/#breadcrumb","itemListElement":[{"@type":"ListItem","position":1,"name":"Hem","item":"https:\/\/arenagruppen.se\/produktivitetskommissionen\/"},{"@type":"ListItem","position":2,"name":"Kr\u00f6nika: Mer av samma s\u00e4nker inte arbetsl\u00f6sheten"}]},{"@type":"WebSite","@id":"https:\/\/arenagruppen.se\/produktivitetskommissionen\/#website","url":"https:\/\/arenagruppen.se\/produktivitetskommissionen\/","name":"Facken inom industrins produktivitetskommission","description":"","publisher":{"@id":"https:\/\/arenagruppen.se\/produktivitetskommissionen\/#organization"},"potentialAction":[{"@type":"SearchAction","target":{"@type":"EntryPoint","urlTemplate":"https:\/\/arenagruppen.se\/produktivitetskommissionen\/?s={search_term_string}"},"query-input":"required name=search_term_string"}],"inLanguage":"sv-SE"},{"@type":"Organization","@id":"https:\/\/arenagruppen.se\/produktivitetskommissionen\/#organization","name":"Facken inom industrins produktivitetskommission","url":"https:\/\/arenagruppen.se\/produktivitetskommissionen\/","logo":{"@type":"ImageObject","inLanguage":"sv-SE","@id":"https:\/\/arenagruppen.se\/produktivitetskommissionen\/#\/schema\/logo\/image\/","url":"https:\/\/arenagruppen.se\/produktivitetskommissionen\/wp-content\/uploads\/sites\/13\/2024\/02\/prodkom.png","contentUrl":"https:\/\/arenagruppen.se\/produktivitetskommissionen\/wp-content\/uploads\/sites\/13\/2024\/02\/prodkom.png","width":448,"height":367,"caption":"Facken inom industrins produktivitetskommission"},"image":{"@id":"https:\/\/arenagruppen.se\/produktivitetskommissionen\/#\/schema\/logo\/image\/"}},{"@type":"Person","@id":"https:\/\/arenagruppen.se\/produktivitetskommissionen\/#\/schema\/person\/2c2a8761ff5c3b70360aaec5bf3b28d6","name":"admin","image":{"@type":"ImageObject","inLanguage":"sv-SE","@id":"https:\/\/arenagruppen.se\/produktivitetskommissionen\/#\/schema\/person\/image\/","url":"https:\/\/secure.gravatar.com\/avatar\/3e206016c760cb4ecabbc56cc2b6c170b4d6824facf04af1709437f3e1d73332?s=96&d=mm&r=g","contentUrl":"https:\/\/secure.gravatar.com\/avatar\/3e206016c760cb4ecabbc56cc2b6c170b4d6824facf04af1709437f3e1d73332?s=96&d=mm&r=g","caption":"admin"},"url":"https:\/\/arenagruppen.se\/produktivitetskommissionen\/author\/admin\/"}]}},"_links":{"self":[{"href":"https:\/\/arenagruppen.se\/produktivitetskommissionen\/wp-json\/wp\/v2\/posts\/465","targetHints":{"allow":["GET"]}}],"collection":[{"href":"https:\/\/arenagruppen.se\/produktivitetskommissionen\/wp-json\/wp\/v2\/posts"}],"about":[{"href":"https:\/\/arenagruppen.se\/produktivitetskommissionen\/wp-json\/wp\/v2\/types\/post"}],"author":[{"embeddable":true,"href":"https:\/\/arenagruppen.se\/produktivitetskommissionen\/wp-json\/wp\/v2\/users\/1"}],"replies":[{"embeddable":true,"href":"https:\/\/arenagruppen.se\/produktivitetskommissionen\/wp-json\/wp\/v2\/comments?post=465"}],"version-history":[{"count":1,"href":"https:\/\/arenagruppen.se\/produktivitetskommissionen\/wp-json\/wp\/v2\/posts\/465\/revisions"}],"predecessor-version":[{"id":466,"href":"https:\/\/arenagruppen.se\/produktivitetskommissionen\/wp-json\/wp\/v2\/posts\/465\/revisions\/466"}],"wp:attachment":[{"href":"https:\/\/arenagruppen.se\/produktivitetskommissionen\/wp-json\/wp\/v2\/media?parent=465"}],"wp:term":[{"taxonomy":"category","embeddable":true,"href":"https:\/\/arenagruppen.se\/produktivitetskommissionen\/wp-json\/wp\/v2\/categories?post=465"},{"taxonomy":"post_tag","embeddable":true,"href":"https:\/\/arenagruppen.se\/produktivitetskommissionen\/wp-json\/wp\/v2\/tags?post=465"}],"curies":[{"name":"wp","href":"https:\/\/api.w.org\/{rel}","templated":true}]}}