{"id":114,"date":"2024-03-11T09:46:33","date_gmt":"2024-03-11T08:46:33","guid":{"rendered":"https:\/\/arenagruppen.se\/produktivitetskommissionen\/?p=114"},"modified":"2024-04-19T13:16:00","modified_gmt":"2024-04-19T11:16:00","slug":"webbinarium-facklig-forhandlingsstyrka-loner-och-arbetsmarknaders-funktionssatt","status":"publish","type":"post","link":"https:\/\/arenagruppen.se\/produktivitetskommissionen\/2024\/03\/11\/webbinarium-facklig-forhandlingsstyrka-loner-och-arbetsmarknaders-funktionssatt\/","title":{"rendered":"Webbinarium:\u00a0Hur fungerar svensk arbetsmarknad?"},"content":{"rendered":"\n<p><strong>Torsdag 18 april, kl. 13-14.<\/strong><\/p>\n\n\n\n<figure class=\"wp-block-image size-large\"><img fetchpriority=\"high\" decoding=\"async\" width=\"1024\" height=\"536\" src=\"https:\/\/arenagruppen.se\/produktivitetskommissionen\/wp-content\/uploads\/sites\/13\/2024\/03\/image-6-1024x536.png\" alt=\"\" class=\"wp-image-231\" srcset=\"https:\/\/arenagruppen.se\/produktivitetskommissionen\/wp-content\/uploads\/sites\/13\/2024\/03\/image-6-1024x536.png 1024w, https:\/\/arenagruppen.se\/produktivitetskommissionen\/wp-content\/uploads\/sites\/13\/2024\/03\/image-6-300x157.png 300w, https:\/\/arenagruppen.se\/produktivitetskommissionen\/wp-content\/uploads\/sites\/13\/2024\/03\/image-6-768x402.png 768w, https:\/\/arenagruppen.se\/produktivitetskommissionen\/wp-content\/uploads\/sites\/13\/2024\/03\/image-6-1536x804.png 1536w, https:\/\/arenagruppen.se\/produktivitetskommissionen\/wp-content\/uploads\/sites\/13\/2024\/03\/image-6.png 1920w\" sizes=\"(max-width: 1024px) 100vw, 1024px\" \/><\/figure>\n\n\n\n<p><a href=\"https:\/\/www.facebook.com\/events\/1374453103435710\"><strong>L\u00e4nk till webbinarium.<\/strong><\/a><\/p>\n\n\n\n<p>Vill du f\u00e5 en p\u00e5minnelse via mail?<br><a href=\"https:\/\/mailchi.mp\/101a789b8fba\/7azmn8mpgv\"><strong>Anm\u00e4l dig h\u00e4r.<\/strong><\/a><\/p>\n\n\n\n<p>Trots kollektivavtal och centrala l\u00f6nef\u00f6rhandlingar finns det mycket som talar f\u00f6r att arbetsgivare m\u00e5nga g\u00e5nger kan betala l\u00f6ner under de anst\u00e4lldas produktivitet. Om s\u00e5 \u00e4r fallet fungerar arbetsmarknaden och ekonomin p\u00e5 ett ineffektivt s\u00e4tt. Genom att \u00f6ka konkurrensen mellan arbetsgivarna om l\u00f6ntagarna kan l\u00f6nerna i b\u00e4sta fall pressas upp\u00e5t mot det v\u00e4rde som de anst\u00e4llda skapar i produktionen. Fr\u00e5gan \u00e4r hur politiken b\u00f6r utformas f\u00f6r att p\u00e5 detta s\u00e4tt st\u00e4rka l\u00f6ntagarnas f\u00f6rhandlingsstyrka? Och d\u00e4rmed f\u00f6rb\u00e4ttra arbetsmarknadens effektivitet.<\/p>\n\n\n\n<p>P\u00e5 detta webbinarium presenterar och diskuterar&nbsp;<strong>Andrea Bassanini<\/strong>&nbsp;den h\u00e4r forskningsinriktningen och dess politiska implikationer. Andrea Bassanini \u00e4r arbetsmarknadsekonom och redakt\u00f6r f\u00f6r OECD:s \u00e5rligen \u00e5terkommande rapport&nbsp;<a href=\"https:\/\/oecd.org\/employment-outlook\/2023\/\">Employment Outlook<\/a>.<\/p>\n\n\n\n<p>Samtalsledare:&nbsp;<strong>Daniel Lind<\/strong>, forskningsledare f\u00f6r Facken inom industrins produktivitetskommission<\/p>\n\n\n\n<p><strong>Fredrik S\u00f6derqvist<\/strong>, LO-ekonom, kommenterar.<\/p>\n","protected":false},"excerpt":{"rendered":"<p>Torsdag 18 april, kl. 13-14 med Andrea Bassanini och Daniel Lind.<\/p>\n","protected":false},"author":1,"featured_media":231,"comment_status":"closed","ping_status":"closed","sticky":false,"template":"","format":"standard","meta":{"footnotes":""},"categories":[1],"tags":[],"class_list":["post-114","post","type-post","status-publish","format-standard","has-post-thumbnail","hentry","category-okategoriserade"],"yoast_head":"<!-- This site is optimized with the Yoast SEO plugin v19.12 - https:\/\/yoast.com\/wordpress\/plugins\/seo\/ -->\n<title>Webbinarium:\u00a0Hur fungerar svensk arbetsmarknad? - Facken inom industrins produktivitetskommission<\/title>\n<meta name=\"robots\" content=\"index, follow, max-snippet:-1, max-image-preview:large, max-video-preview:-1\" \/>\n<link rel=\"canonical\" href=\"https:\/\/arenagruppen.se\/produktivitetskommissionen\/2024\/03\/11\/webbinarium-facklig-forhandlingsstyrka-loner-och-arbetsmarknaders-funktionssatt\/\" \/>\n<meta property=\"og:locale\" content=\"sv_SE\" \/>\n<meta property=\"og:type\" content=\"article\" \/>\n<meta property=\"og:title\" content=\"Webbinarium:\u00a0Hur fungerar svensk arbetsmarknad? - Facken inom industrins produktivitetskommission\" \/>\n<meta property=\"og:description\" content=\"Torsdag 18 april, kl. 13-14 med Andrea Bassanini och Daniel Lind.\" \/>\n<meta property=\"og:url\" content=\"https:\/\/arenagruppen.se\/produktivitetskommissionen\/2024\/03\/11\/webbinarium-facklig-forhandlingsstyrka-loner-och-arbetsmarknaders-funktionssatt\/\" \/>\n<meta property=\"og:site_name\" content=\"Facken inom industrins produktivitetskommission\" \/>\n<meta property=\"article:published_time\" content=\"2024-03-11T08:46:33+00:00\" \/>\n<meta property=\"article:modified_time\" content=\"2024-04-19T11:16:00+00:00\" \/>\n<meta property=\"og:image\" content=\"https:\/\/arenagruppen.se\/produktivitetskommissionen\/wp-content\/uploads\/sites\/13\/2024\/03\/image-6-1024x536.png\" \/>\n\t<meta property=\"og:image:width\" content=\"1024\" \/>\n\t<meta property=\"og:image:height\" content=\"536\" \/>\n\t<meta property=\"og:image:type\" content=\"image\/png\" \/>\n<meta name=\"author\" content=\"admin\" \/>\n<meta name=\"twitter:card\" content=\"summary_large_image\" \/>\n<meta name=\"twitter:label1\" content=\"Skriven av\" \/>\n\t<meta name=\"twitter:data1\" content=\"admin\" \/>\n\t<meta name=\"twitter:label2\" content=\"Ber\u00e4knad l\u00e4stid\" \/>\n\t<meta name=\"twitter:data2\" content=\"1 minut\" \/>\n<script type=\"application\/ld+json\" class=\"yoast-schema-graph\">{\"@context\":\"https:\/\/schema.org\",\"@graph\":[{\"@type\":\"Article\",\"@id\":\"https:\/\/arenagruppen.se\/produktivitetskommissionen\/2024\/03\/11\/webbinarium-facklig-forhandlingsstyrka-loner-och-arbetsmarknaders-funktionssatt\/#article\",\"isPartOf\":{\"@id\":\"https:\/\/arenagruppen.se\/produktivitetskommissionen\/2024\/03\/11\/webbinarium-facklig-forhandlingsstyrka-loner-och-arbetsmarknaders-funktionssatt\/\"},\"author\":{\"name\":\"admin\",\"@id\":\"https:\/\/arenagruppen.se\/produktivitetskommissionen\/#\/schema\/person\/2c2a8761ff5c3b70360aaec5bf3b28d6\"},\"headline\":\"Webbinarium:\u00a0Hur fungerar svensk arbetsmarknad?\",\"datePublished\":\"2024-03-11T08:46:33+00:00\",\"dateModified\":\"2024-04-19T11:16:00+00:00\",\"mainEntityOfPage\":{\"@id\":\"https:\/\/arenagruppen.se\/produktivitetskommissionen\/2024\/03\/11\/webbinarium-facklig-forhandlingsstyrka-loner-och-arbetsmarknaders-funktionssatt\/\"},\"wordCount\":178,\"publisher\":{\"@id\":\"https:\/\/arenagruppen.se\/produktivitetskommissionen\/#organization\"},\"inLanguage\":\"sv-SE\"},{\"@type\":\"WebPage\",\"@id\":\"https:\/\/arenagruppen.se\/produktivitetskommissionen\/2024\/03\/11\/webbinarium-facklig-forhandlingsstyrka-loner-och-arbetsmarknaders-funktionssatt\/\",\"url\":\"https:\/\/arenagruppen.se\/produktivitetskommissionen\/2024\/03\/11\/webbinarium-facklig-forhandlingsstyrka-loner-och-arbetsmarknaders-funktionssatt\/\",\"name\":\"Webbinarium:\u00a0Hur fungerar svensk arbetsmarknad? - Facken inom industrins produktivitetskommission\",\"isPartOf\":{\"@id\":\"https:\/\/arenagruppen.se\/produktivitetskommissionen\/#website\"},\"datePublished\":\"2024-03-11T08:46:33+00:00\",\"dateModified\":\"2024-04-19T11:16:00+00:00\",\"breadcrumb\":{\"@id\":\"https:\/\/arenagruppen.se\/produktivitetskommissionen\/2024\/03\/11\/webbinarium-facklig-forhandlingsstyrka-loner-och-arbetsmarknaders-funktionssatt\/#breadcrumb\"},\"inLanguage\":\"sv-SE\",\"potentialAction\":[{\"@type\":\"ReadAction\",\"target\":[\"https:\/\/arenagruppen.se\/produktivitetskommissionen\/2024\/03\/11\/webbinarium-facklig-forhandlingsstyrka-loner-och-arbetsmarknaders-funktionssatt\/\"]}]},{\"@type\":\"BreadcrumbList\",\"@id\":\"https:\/\/arenagruppen.se\/produktivitetskommissionen\/2024\/03\/11\/webbinarium-facklig-forhandlingsstyrka-loner-och-arbetsmarknaders-funktionssatt\/#breadcrumb\",\"itemListElement\":[{\"@type\":\"ListItem\",\"position\":1,\"name\":\"Hem\",\"item\":\"https:\/\/arenagruppen.se\/produktivitetskommissionen\/\"},{\"@type\":\"ListItem\",\"position\":2,\"name\":\"Webbinarium:\u00a0Hur fungerar svensk arbetsmarknad?\"}]},{\"@type\":\"WebSite\",\"@id\":\"https:\/\/arenagruppen.se\/produktivitetskommissionen\/#website\",\"url\":\"https:\/\/arenagruppen.se\/produktivitetskommissionen\/\",\"name\":\"Facken inom industrins produktivitetskommission\",\"description\":\"\",\"publisher\":{\"@id\":\"https:\/\/arenagruppen.se\/produktivitetskommissionen\/#organization\"},\"potentialAction\":[{\"@type\":\"SearchAction\",\"target\":{\"@type\":\"EntryPoint\",\"urlTemplate\":\"https:\/\/arenagruppen.se\/produktivitetskommissionen\/?s={search_term_string}\"},\"query-input\":\"required name=search_term_string\"}],\"inLanguage\":\"sv-SE\"},{\"@type\":\"Organization\",\"@id\":\"https:\/\/arenagruppen.se\/produktivitetskommissionen\/#organization\",\"name\":\"Facken inom industrins produktivitetskommission\",\"url\":\"https:\/\/arenagruppen.se\/produktivitetskommissionen\/\",\"logo\":{\"@type\":\"ImageObject\",\"inLanguage\":\"sv-SE\",\"@id\":\"https:\/\/arenagruppen.se\/produktivitetskommissionen\/#\/schema\/logo\/image\/\",\"url\":\"https:\/\/arenagruppen.se\/produktivitetskommissionen\/wp-content\/uploads\/sites\/13\/2024\/02\/prodkom.png\",\"contentUrl\":\"https:\/\/arenagruppen.se\/produktivitetskommissionen\/wp-content\/uploads\/sites\/13\/2024\/02\/prodkom.png\",\"width\":448,\"height\":367,\"caption\":\"Facken inom industrins produktivitetskommission\"},\"image\":{\"@id\":\"https:\/\/arenagruppen.se\/produktivitetskommissionen\/#\/schema\/logo\/image\/\"}},{\"@type\":\"Person\",\"@id\":\"https:\/\/arenagruppen.se\/produktivitetskommissionen\/#\/schema\/person\/2c2a8761ff5c3b70360aaec5bf3b28d6\",\"name\":\"admin\",\"image\":{\"@type\":\"ImageObject\",\"inLanguage\":\"sv-SE\",\"@id\":\"https:\/\/arenagruppen.se\/produktivitetskommissionen\/#\/schema\/person\/image\/\",\"url\":\"https:\/\/secure.gravatar.com\/avatar\/3e206016c760cb4ecabbc56cc2b6c170b4d6824facf04af1709437f3e1d73332?s=96&d=mm&r=g\",\"contentUrl\":\"https:\/\/secure.gravatar.com\/avatar\/3e206016c760cb4ecabbc56cc2b6c170b4d6824facf04af1709437f3e1d73332?s=96&d=mm&r=g\",\"caption\":\"admin\"},\"url\":\"https:\/\/arenagruppen.se\/produktivitetskommissionen\/author\/admin\/\"}]}<\/script>\n<!-- \/ Yoast SEO plugin. -->","yoast_head_json":{"title":"Webbinarium:\u00a0Hur fungerar svensk arbetsmarknad? - Facken inom industrins produktivitetskommission","robots":{"index":"index","follow":"follow","max-snippet":"max-snippet:-1","max-image-preview":"max-image-preview:large","max-video-preview":"max-video-preview:-1"},"canonical":"https:\/\/arenagruppen.se\/produktivitetskommissionen\/2024\/03\/11\/webbinarium-facklig-forhandlingsstyrka-loner-och-arbetsmarknaders-funktionssatt\/","og_locale":"sv_SE","og_type":"article","og_title":"Webbinarium:\u00a0Hur fungerar svensk arbetsmarknad? - Facken inom industrins produktivitetskommission","og_description":"Torsdag 18 april, kl. 13-14 med Andrea Bassanini och Daniel Lind.","og_url":"https:\/\/arenagruppen.se\/produktivitetskommissionen\/2024\/03\/11\/webbinarium-facklig-forhandlingsstyrka-loner-och-arbetsmarknaders-funktionssatt\/","og_site_name":"Facken inom industrins produktivitetskommission","article_published_time":"2024-03-11T08:46:33+00:00","article_modified_time":"2024-04-19T11:16:00+00:00","og_image":[{"width":1024,"height":536,"url":"https:\/\/arenagruppen.se\/produktivitetskommissionen\/wp-content\/uploads\/sites\/13\/2024\/03\/image-6-1024x536.png","type":"image\/png"}],"author":"admin","twitter_card":"summary_large_image","twitter_misc":{"Skriven av":"admin","Ber\u00e4knad l\u00e4stid":"1 minut"},"schema":{"@context":"https:\/\/schema.org","@graph":[{"@type":"Article","@id":"https:\/\/arenagruppen.se\/produktivitetskommissionen\/2024\/03\/11\/webbinarium-facklig-forhandlingsstyrka-loner-och-arbetsmarknaders-funktionssatt\/#article","isPartOf":{"@id":"https:\/\/arenagruppen.se\/produktivitetskommissionen\/2024\/03\/11\/webbinarium-facklig-forhandlingsstyrka-loner-och-arbetsmarknaders-funktionssatt\/"},"author":{"name":"admin","@id":"https:\/\/arenagruppen.se\/produktivitetskommissionen\/#\/schema\/person\/2c2a8761ff5c3b70360aaec5bf3b28d6"},"headline":"Webbinarium:\u00a0Hur fungerar svensk arbetsmarknad?","datePublished":"2024-03-11T08:46:33+00:00","dateModified":"2024-04-19T11:16:00+00:00","mainEntityOfPage":{"@id":"https:\/\/arenagruppen.se\/produktivitetskommissionen\/2024\/03\/11\/webbinarium-facklig-forhandlingsstyrka-loner-och-arbetsmarknaders-funktionssatt\/"},"wordCount":178,"publisher":{"@id":"https:\/\/arenagruppen.se\/produktivitetskommissionen\/#organization"},"inLanguage":"sv-SE"},{"@type":"WebPage","@id":"https:\/\/arenagruppen.se\/produktivitetskommissionen\/2024\/03\/11\/webbinarium-facklig-forhandlingsstyrka-loner-och-arbetsmarknaders-funktionssatt\/","url":"https:\/\/arenagruppen.se\/produktivitetskommissionen\/2024\/03\/11\/webbinarium-facklig-forhandlingsstyrka-loner-och-arbetsmarknaders-funktionssatt\/","name":"Webbinarium:\u00a0Hur fungerar svensk arbetsmarknad? - Facken inom industrins produktivitetskommission","isPartOf":{"@id":"https:\/\/arenagruppen.se\/produktivitetskommissionen\/#website"},"datePublished":"2024-03-11T08:46:33+00:00","dateModified":"2024-04-19T11:16:00+00:00","breadcrumb":{"@id":"https:\/\/arenagruppen.se\/produktivitetskommissionen\/2024\/03\/11\/webbinarium-facklig-forhandlingsstyrka-loner-och-arbetsmarknaders-funktionssatt\/#breadcrumb"},"inLanguage":"sv-SE","potentialAction":[{"@type":"ReadAction","target":["https:\/\/arenagruppen.se\/produktivitetskommissionen\/2024\/03\/11\/webbinarium-facklig-forhandlingsstyrka-loner-och-arbetsmarknaders-funktionssatt\/"]}]},{"@type":"BreadcrumbList","@id":"https:\/\/arenagruppen.se\/produktivitetskommissionen\/2024\/03\/11\/webbinarium-facklig-forhandlingsstyrka-loner-och-arbetsmarknaders-funktionssatt\/#breadcrumb","itemListElement":[{"@type":"ListItem","position":1,"name":"Hem","item":"https:\/\/arenagruppen.se\/produktivitetskommissionen\/"},{"@type":"ListItem","position":2,"name":"Webbinarium:\u00a0Hur fungerar svensk arbetsmarknad?"}]},{"@type":"WebSite","@id":"https:\/\/arenagruppen.se\/produktivitetskommissionen\/#website","url":"https:\/\/arenagruppen.se\/produktivitetskommissionen\/","name":"Facken inom industrins produktivitetskommission","description":"","publisher":{"@id":"https:\/\/arenagruppen.se\/produktivitetskommissionen\/#organization"},"potentialAction":[{"@type":"SearchAction","target":{"@type":"EntryPoint","urlTemplate":"https:\/\/arenagruppen.se\/produktivitetskommissionen\/?s={search_term_string}"},"query-input":"required name=search_term_string"}],"inLanguage":"sv-SE"},{"@type":"Organization","@id":"https:\/\/arenagruppen.se\/produktivitetskommissionen\/#organization","name":"Facken inom industrins produktivitetskommission","url":"https:\/\/arenagruppen.se\/produktivitetskommissionen\/","logo":{"@type":"ImageObject","inLanguage":"sv-SE","@id":"https:\/\/arenagruppen.se\/produktivitetskommissionen\/#\/schema\/logo\/image\/","url":"https:\/\/arenagruppen.se\/produktivitetskommissionen\/wp-content\/uploads\/sites\/13\/2024\/02\/prodkom.png","contentUrl":"https:\/\/arenagruppen.se\/produktivitetskommissionen\/wp-content\/uploads\/sites\/13\/2024\/02\/prodkom.png","width":448,"height":367,"caption":"Facken inom industrins produktivitetskommission"},"image":{"@id":"https:\/\/arenagruppen.se\/produktivitetskommissionen\/#\/schema\/logo\/image\/"}},{"@type":"Person","@id":"https:\/\/arenagruppen.se\/produktivitetskommissionen\/#\/schema\/person\/2c2a8761ff5c3b70360aaec5bf3b28d6","name":"admin","image":{"@type":"ImageObject","inLanguage":"sv-SE","@id":"https:\/\/arenagruppen.se\/produktivitetskommissionen\/#\/schema\/person\/image\/","url":"https:\/\/secure.gravatar.com\/avatar\/3e206016c760cb4ecabbc56cc2b6c170b4d6824facf04af1709437f3e1d73332?s=96&d=mm&r=g","contentUrl":"https:\/\/secure.gravatar.com\/avatar\/3e206016c760cb4ecabbc56cc2b6c170b4d6824facf04af1709437f3e1d73332?s=96&d=mm&r=g","caption":"admin"},"url":"https:\/\/arenagruppen.se\/produktivitetskommissionen\/author\/admin\/"}]}},"_links":{"self":[{"href":"https:\/\/arenagruppen.se\/produktivitetskommissionen\/wp-json\/wp\/v2\/posts\/114","targetHints":{"allow":["GET"]}}],"collection":[{"href":"https:\/\/arenagruppen.se\/produktivitetskommissionen\/wp-json\/wp\/v2\/posts"}],"about":[{"href":"https:\/\/arenagruppen.se\/produktivitetskommissionen\/wp-json\/wp\/v2\/types\/post"}],"author":[{"embeddable":true,"href":"https:\/\/arenagruppen.se\/produktivitetskommissionen\/wp-json\/wp\/v2\/users\/1"}],"replies":[{"embeddable":true,"href":"https:\/\/arenagruppen.se\/produktivitetskommissionen\/wp-json\/wp\/v2\/comments?post=114"}],"version-history":[{"count":6,"href":"https:\/\/arenagruppen.se\/produktivitetskommissionen\/wp-json\/wp\/v2\/posts\/114\/revisions"}],"predecessor-version":[{"id":234,"href":"https:\/\/arenagruppen.se\/produktivitetskommissionen\/wp-json\/wp\/v2\/posts\/114\/revisions\/234"}],"wp:featuredmedia":[{"embeddable":true,"href":"https:\/\/arenagruppen.se\/produktivitetskommissionen\/wp-json\/wp\/v2\/media\/231"}],"wp:attachment":[{"href":"https:\/\/arenagruppen.se\/produktivitetskommissionen\/wp-json\/wp\/v2\/media?parent=114"}],"wp:term":[{"taxonomy":"category","embeddable":true,"href":"https:\/\/arenagruppen.se\/produktivitetskommissionen\/wp-json\/wp\/v2\/categories?post=114"},{"taxonomy":"post_tag","embeddable":true,"href":"https:\/\/arenagruppen.se\/produktivitetskommissionen\/wp-json\/wp\/v2\/tags?post=114"}],"curies":[{"name":"wp","href":"https:\/\/api.w.org\/{rel}","templated":true}]}}