{"id":592,"date":"2025-03-18T13:26:05","date_gmt":"2025-03-18T12:26:05","guid":{"rendered":"https:\/\/arenagruppen.se\/fackenochframtiden\/?p=592"},"modified":"2025-03-20T14:28:53","modified_gmt":"2025-03-20T13:28:53","slug":"makroekonomiska-konsekvenser-av-svag-lontagarmakt","status":"publish","type":"post","link":"https:\/\/arenagruppen.se\/fackenochframtiden\/2025\/03\/18\/makroekonomiska-konsekvenser-av-svag-lontagarmakt\/","title":{"rendered":"Makroekonomiska konsekvenser av svag l\u00f6ntagarmakt."},"content":{"rendered":"\n<p>14.30-15.45<\/p>\n\n\n\n<p><strong>Vad kan du f\u00f6rv\u00e4nta dig?<\/strong><\/p>\n\n\n\n<p>L\u00f6ntagares l\u00f6ner och villkor best\u00e4ms inte bara av deras produktivitet. Det handlar ocks\u00e5 om makt, institutioner och regler. I USA och m\u00e5nga andra v\u00e4stl\u00e4nder kan l\u00f6ntagarnas minskade makt och inflytande de senaste fyra decennierna f\u00f6rklara m\u00e5nga av de makroekonomiska trender som vi ser runt omkring oss. Det handlar om en krympande l\u00f6neandel av BNP, om f\u00f6retagens aktiekurser, om n\u00e4ringslivets h\u00f6ga l\u00f6nsamhet och om stagnerande reall\u00f6ner. F\u00f6r att v\u00e4nda den h\u00e4r trenden kr\u00e4vs en politik som st\u00e4rker l\u00f6ntagarnas makt, inte minst genom minimil\u00f6ner, fackligt inflytande och skarpare konkurrenspolitik.<\/p>\n\n\n\n<p><strong>Anna Stansbury<\/strong> disputerade i nationalekonomi vid Harvard universitetet \u00e5r 2021 med en avhandling om betydelsen av makt p\u00e5 arbetsmarknaden. Hon har \u00e4ven studerat hur f\u00f6retag p\u00e5verkas av facklig organisering. I dag arbetar hon som forskare vid MIT. Stansbury \u00e4r \u00e4ven involverad i projektet <em>Shaping the Future of Work<\/em>, tillsammans med bland annat f\u00f6rra \u00e5rets ekonomipristagare Daron Acemoglu och Simon Johnson.<\/p>\n","protected":false},"excerpt":{"rendered":"<p>14.30-15.45 Vad kan du f\u00f6rv\u00e4nta dig? L\u00f6ntagares l\u00f6ner och villkor best\u00e4ms inte bara av deras produktivitet. Det handlar ocks\u00e5 om makt, institutioner och regler. I USA och m\u00e5nga andra v\u00e4stl\u00e4nder kan l\u00f6ntagarnas minskade makt och inflytande de senaste fyra decennierna f\u00f6rklara m\u00e5nga av de makroekonomiska trender som vi ser runt omkring oss. Det handlar om [&hellip;]<\/p>\n","protected":false},"author":1,"featured_media":0,"comment_status":"open","ping_status":"open","sticky":false,"template":"","format":"standard","meta":{"footnotes":""},"categories":[1],"tags":[],"class_list":["post-592","post","type-post","status-publish","format-standard","hentry","category-okategoriserade"],"yoast_head":"<!-- This site is optimized with the Yoast SEO plugin v19.12 - https:\/\/yoast.com\/wordpress\/plugins\/seo\/ -->\n<title>Makroekonomiska konsekvenser av svag l\u00f6ntagarmakt. - Facken och framtiden<\/title>\n<meta name=\"robots\" content=\"index, follow, max-snippet:-1, max-image-preview:large, max-video-preview:-1\" \/>\n<link rel=\"canonical\" href=\"https:\/\/arenagruppen.se\/fackenochframtiden\/2025\/03\/18\/makroekonomiska-konsekvenser-av-svag-lontagarmakt\/\" \/>\n<meta property=\"og:locale\" content=\"sv_SE\" \/>\n<meta property=\"og:type\" content=\"article\" \/>\n<meta property=\"og:title\" content=\"Makroekonomiska konsekvenser av svag l\u00f6ntagarmakt. - Facken och framtiden\" \/>\n<meta property=\"og:description\" content=\"14.30-15.45 Vad kan du f\u00f6rv\u00e4nta dig? L\u00f6ntagares l\u00f6ner och villkor best\u00e4ms inte bara av deras produktivitet. Det handlar ocks\u00e5 om makt, institutioner och regler. I USA och m\u00e5nga andra v\u00e4stl\u00e4nder kan l\u00f6ntagarnas minskade makt och inflytande de senaste fyra decennierna f\u00f6rklara m\u00e5nga av de makroekonomiska trender som vi ser runt omkring oss. Det handlar om [&hellip;]\" \/>\n<meta property=\"og:url\" content=\"https:\/\/arenagruppen.se\/fackenochframtiden\/2025\/03\/18\/makroekonomiska-konsekvenser-av-svag-lontagarmakt\/\" \/>\n<meta property=\"og:site_name\" content=\"Facken och framtiden\" \/>\n<meta property=\"article:published_time\" content=\"2025-03-18T12:26:05+00:00\" \/>\n<meta property=\"article:modified_time\" content=\"2025-03-20T13:28:53+00:00\" \/>\n<meta property=\"og:image\" content=\"https:\/\/arenagruppen.se\/fackenochframtiden\/wp-content\/uploads\/sites\/14\/2025\/03\/modern-labour-markets-omslag.png\" \/>\n\t<meta property=\"og:image:width\" content=\"9422\" \/>\n\t<meta property=\"og:image:height\" content=\"4947\" \/>\n\t<meta property=\"og:image:type\" content=\"image\/png\" \/>\n<meta name=\"author\" content=\"admin\" \/>\n<meta name=\"twitter:card\" content=\"summary_large_image\" \/>\n<meta name=\"twitter:label1\" content=\"Skriven av\" \/>\n\t<meta name=\"twitter:data1\" content=\"admin\" \/>\n\t<meta name=\"twitter:label2\" content=\"Ber\u00e4knad l\u00e4stid\" \/>\n\t<meta name=\"twitter:data2\" content=\"1 minut\" \/>\n<script type=\"application\/ld+json\" class=\"yoast-schema-graph\">{\"@context\":\"https:\/\/schema.org\",\"@graph\":[{\"@type\":\"Article\",\"@id\":\"https:\/\/arenagruppen.se\/fackenochframtiden\/2025\/03\/18\/makroekonomiska-konsekvenser-av-svag-lontagarmakt\/#article\",\"isPartOf\":{\"@id\":\"https:\/\/arenagruppen.se\/fackenochframtiden\/2025\/03\/18\/makroekonomiska-konsekvenser-av-svag-lontagarmakt\/\"},\"author\":{\"name\":\"admin\",\"@id\":\"https:\/\/arenagruppen.se\/fackenochframtiden\/#\/schema\/person\/2c2a8761ff5c3b70360aaec5bf3b28d6\"},\"headline\":\"Makroekonomiska konsekvenser av svag l\u00f6ntagarmakt.\",\"datePublished\":\"2025-03-18T12:26:05+00:00\",\"dateModified\":\"2025-03-20T13:28:53+00:00\",\"mainEntityOfPage\":{\"@id\":\"https:\/\/arenagruppen.se\/fackenochframtiden\/2025\/03\/18\/makroekonomiska-konsekvenser-av-svag-lontagarmakt\/\"},\"wordCount\":185,\"commentCount\":0,\"publisher\":{\"@id\":\"https:\/\/arenagruppen.se\/fackenochframtiden\/#organization\"},\"inLanguage\":\"sv-SE\",\"potentialAction\":[{\"@type\":\"CommentAction\",\"name\":\"Comment\",\"target\":[\"https:\/\/arenagruppen.se\/fackenochframtiden\/2025\/03\/18\/makroekonomiska-konsekvenser-av-svag-lontagarmakt\/#respond\"]}]},{\"@type\":\"WebPage\",\"@id\":\"https:\/\/arenagruppen.se\/fackenochframtiden\/2025\/03\/18\/makroekonomiska-konsekvenser-av-svag-lontagarmakt\/\",\"url\":\"https:\/\/arenagruppen.se\/fackenochframtiden\/2025\/03\/18\/makroekonomiska-konsekvenser-av-svag-lontagarmakt\/\",\"name\":\"Makroekonomiska konsekvenser av svag l\u00f6ntagarmakt. - Facken och framtiden\",\"isPartOf\":{\"@id\":\"https:\/\/arenagruppen.se\/fackenochframtiden\/#website\"},\"datePublished\":\"2025-03-18T12:26:05+00:00\",\"dateModified\":\"2025-03-20T13:28:53+00:00\",\"breadcrumb\":{\"@id\":\"https:\/\/arenagruppen.se\/fackenochframtiden\/2025\/03\/18\/makroekonomiska-konsekvenser-av-svag-lontagarmakt\/#breadcrumb\"},\"inLanguage\":\"sv-SE\",\"potentialAction\":[{\"@type\":\"ReadAction\",\"target\":[\"https:\/\/arenagruppen.se\/fackenochframtiden\/2025\/03\/18\/makroekonomiska-konsekvenser-av-svag-lontagarmakt\/\"]}]},{\"@type\":\"BreadcrumbList\",\"@id\":\"https:\/\/arenagruppen.se\/fackenochframtiden\/2025\/03\/18\/makroekonomiska-konsekvenser-av-svag-lontagarmakt\/#breadcrumb\",\"itemListElement\":[{\"@type\":\"ListItem\",\"position\":1,\"name\":\"Hem\",\"item\":\"https:\/\/arenagruppen.se\/fackenochframtiden\/\"},{\"@type\":\"ListItem\",\"position\":2,\"name\":\"Makroekonomiska konsekvenser av svag l\u00f6ntagarmakt.\"}]},{\"@type\":\"WebSite\",\"@id\":\"https:\/\/arenagruppen.se\/fackenochframtiden\/#website\",\"url\":\"https:\/\/arenagruppen.se\/fackenochframtiden\/\",\"name\":\"Facken och framtiden\",\"description\":\"Modern labour markets\",\"publisher\":{\"@id\":\"https:\/\/arenagruppen.se\/fackenochframtiden\/#organization\"},\"potentialAction\":[{\"@type\":\"SearchAction\",\"target\":{\"@type\":\"EntryPoint\",\"urlTemplate\":\"https:\/\/arenagruppen.se\/fackenochframtiden\/?s={search_term_string}\"},\"query-input\":\"required name=search_term_string\"}],\"inLanguage\":\"sv-SE\"},{\"@type\":\"Organization\",\"@id\":\"https:\/\/arenagruppen.se\/fackenochframtiden\/#organization\",\"name\":\"Produktivitetskommissionen\",\"url\":\"https:\/\/arenagruppen.se\/fackenochframtiden\/\",\"logo\":{\"@type\":\"ImageObject\",\"inLanguage\":\"sv-SE\",\"@id\":\"https:\/\/arenagruppen.se\/fackenochframtiden\/#\/schema\/logo\/image\/\",\"url\":\"https:\/\/arenagruppen.se\/arbetsmarknader\/wp-content\/uploads\/sites\/14\/2025\/03\/modern-labour-markets-omslag.png\",\"contentUrl\":\"https:\/\/arenagruppen.se\/arbetsmarknader\/wp-content\/uploads\/sites\/14\/2025\/03\/modern-labour-markets-omslag.png\",\"width\":9422,\"height\":4947,\"caption\":\"Produktivitetskommissionen\"},\"image\":{\"@id\":\"https:\/\/arenagruppen.se\/fackenochframtiden\/#\/schema\/logo\/image\/\"}},{\"@type\":\"Person\",\"@id\":\"https:\/\/arenagruppen.se\/fackenochframtiden\/#\/schema\/person\/2c2a8761ff5c3b70360aaec5bf3b28d6\",\"name\":\"admin\",\"image\":{\"@type\":\"ImageObject\",\"inLanguage\":\"sv-SE\",\"@id\":\"https:\/\/arenagruppen.se\/fackenochframtiden\/#\/schema\/person\/image\/\",\"url\":\"https:\/\/secure.gravatar.com\/avatar\/3e206016c760cb4ecabbc56cc2b6c170b4d6824facf04af1709437f3e1d73332?s=96&d=mm&r=g\",\"contentUrl\":\"https:\/\/secure.gravatar.com\/avatar\/3e206016c760cb4ecabbc56cc2b6c170b4d6824facf04af1709437f3e1d73332?s=96&d=mm&r=g\",\"caption\":\"admin\"},\"url\":\"https:\/\/arenagruppen.se\/fackenochframtiden\/author\/admin\/\"}]}<\/script>\n<!-- \/ Yoast SEO plugin. -->","yoast_head_json":{"title":"Makroekonomiska konsekvenser av svag l\u00f6ntagarmakt. - Facken och framtiden","robots":{"index":"index","follow":"follow","max-snippet":"max-snippet:-1","max-image-preview":"max-image-preview:large","max-video-preview":"max-video-preview:-1"},"canonical":"https:\/\/arenagruppen.se\/fackenochframtiden\/2025\/03\/18\/makroekonomiska-konsekvenser-av-svag-lontagarmakt\/","og_locale":"sv_SE","og_type":"article","og_title":"Makroekonomiska konsekvenser av svag l\u00f6ntagarmakt. - Facken och framtiden","og_description":"14.30-15.45 Vad kan du f\u00f6rv\u00e4nta dig? L\u00f6ntagares l\u00f6ner och villkor best\u00e4ms inte bara av deras produktivitet. Det handlar ocks\u00e5 om makt, institutioner och regler. I USA och m\u00e5nga andra v\u00e4stl\u00e4nder kan l\u00f6ntagarnas minskade makt och inflytande de senaste fyra decennierna f\u00f6rklara m\u00e5nga av de makroekonomiska trender som vi ser runt omkring oss. Det handlar om [&hellip;]","og_url":"https:\/\/arenagruppen.se\/fackenochframtiden\/2025\/03\/18\/makroekonomiska-konsekvenser-av-svag-lontagarmakt\/","og_site_name":"Facken och framtiden","article_published_time":"2025-03-18T12:26:05+00:00","article_modified_time":"2025-03-20T13:28:53+00:00","og_image":[{"width":9422,"height":4947,"url":"https:\/\/arenagruppen.se\/fackenochframtiden\/wp-content\/uploads\/sites\/14\/2025\/03\/modern-labour-markets-omslag.png","type":"image\/png"}],"author":"admin","twitter_card":"summary_large_image","twitter_misc":{"Skriven av":"admin","Ber\u00e4knad l\u00e4stid":"1 minut"},"schema":{"@context":"https:\/\/schema.org","@graph":[{"@type":"Article","@id":"https:\/\/arenagruppen.se\/fackenochframtiden\/2025\/03\/18\/makroekonomiska-konsekvenser-av-svag-lontagarmakt\/#article","isPartOf":{"@id":"https:\/\/arenagruppen.se\/fackenochframtiden\/2025\/03\/18\/makroekonomiska-konsekvenser-av-svag-lontagarmakt\/"},"author":{"name":"admin","@id":"https:\/\/arenagruppen.se\/fackenochframtiden\/#\/schema\/person\/2c2a8761ff5c3b70360aaec5bf3b28d6"},"headline":"Makroekonomiska konsekvenser av svag l\u00f6ntagarmakt.","datePublished":"2025-03-18T12:26:05+00:00","dateModified":"2025-03-20T13:28:53+00:00","mainEntityOfPage":{"@id":"https:\/\/arenagruppen.se\/fackenochframtiden\/2025\/03\/18\/makroekonomiska-konsekvenser-av-svag-lontagarmakt\/"},"wordCount":185,"commentCount":0,"publisher":{"@id":"https:\/\/arenagruppen.se\/fackenochframtiden\/#organization"},"inLanguage":"sv-SE","potentialAction":[{"@type":"CommentAction","name":"Comment","target":["https:\/\/arenagruppen.se\/fackenochframtiden\/2025\/03\/18\/makroekonomiska-konsekvenser-av-svag-lontagarmakt\/#respond"]}]},{"@type":"WebPage","@id":"https:\/\/arenagruppen.se\/fackenochframtiden\/2025\/03\/18\/makroekonomiska-konsekvenser-av-svag-lontagarmakt\/","url":"https:\/\/arenagruppen.se\/fackenochframtiden\/2025\/03\/18\/makroekonomiska-konsekvenser-av-svag-lontagarmakt\/","name":"Makroekonomiska konsekvenser av svag l\u00f6ntagarmakt. - Facken och framtiden","isPartOf":{"@id":"https:\/\/arenagruppen.se\/fackenochframtiden\/#website"},"datePublished":"2025-03-18T12:26:05+00:00","dateModified":"2025-03-20T13:28:53+00:00","breadcrumb":{"@id":"https:\/\/arenagruppen.se\/fackenochframtiden\/2025\/03\/18\/makroekonomiska-konsekvenser-av-svag-lontagarmakt\/#breadcrumb"},"inLanguage":"sv-SE","potentialAction":[{"@type":"ReadAction","target":["https:\/\/arenagruppen.se\/fackenochframtiden\/2025\/03\/18\/makroekonomiska-konsekvenser-av-svag-lontagarmakt\/"]}]},{"@type":"BreadcrumbList","@id":"https:\/\/arenagruppen.se\/fackenochframtiden\/2025\/03\/18\/makroekonomiska-konsekvenser-av-svag-lontagarmakt\/#breadcrumb","itemListElement":[{"@type":"ListItem","position":1,"name":"Hem","item":"https:\/\/arenagruppen.se\/fackenochframtiden\/"},{"@type":"ListItem","position":2,"name":"Makroekonomiska konsekvenser av svag l\u00f6ntagarmakt."}]},{"@type":"WebSite","@id":"https:\/\/arenagruppen.se\/fackenochframtiden\/#website","url":"https:\/\/arenagruppen.se\/fackenochframtiden\/","name":"Facken och framtiden","description":"Modern labour markets","publisher":{"@id":"https:\/\/arenagruppen.se\/fackenochframtiden\/#organization"},"potentialAction":[{"@type":"SearchAction","target":{"@type":"EntryPoint","urlTemplate":"https:\/\/arenagruppen.se\/fackenochframtiden\/?s={search_term_string}"},"query-input":"required name=search_term_string"}],"inLanguage":"sv-SE"},{"@type":"Organization","@id":"https:\/\/arenagruppen.se\/fackenochframtiden\/#organization","name":"Produktivitetskommissionen","url":"https:\/\/arenagruppen.se\/fackenochframtiden\/","logo":{"@type":"ImageObject","inLanguage":"sv-SE","@id":"https:\/\/arenagruppen.se\/fackenochframtiden\/#\/schema\/logo\/image\/","url":"https:\/\/arenagruppen.se\/arbetsmarknader\/wp-content\/uploads\/sites\/14\/2025\/03\/modern-labour-markets-omslag.png","contentUrl":"https:\/\/arenagruppen.se\/arbetsmarknader\/wp-content\/uploads\/sites\/14\/2025\/03\/modern-labour-markets-omslag.png","width":9422,"height":4947,"caption":"Produktivitetskommissionen"},"image":{"@id":"https:\/\/arenagruppen.se\/fackenochframtiden\/#\/schema\/logo\/image\/"}},{"@type":"Person","@id":"https:\/\/arenagruppen.se\/fackenochframtiden\/#\/schema\/person\/2c2a8761ff5c3b70360aaec5bf3b28d6","name":"admin","image":{"@type":"ImageObject","inLanguage":"sv-SE","@id":"https:\/\/arenagruppen.se\/fackenochframtiden\/#\/schema\/person\/image\/","url":"https:\/\/secure.gravatar.com\/avatar\/3e206016c760cb4ecabbc56cc2b6c170b4d6824facf04af1709437f3e1d73332?s=96&d=mm&r=g","contentUrl":"https:\/\/secure.gravatar.com\/avatar\/3e206016c760cb4ecabbc56cc2b6c170b4d6824facf04af1709437f3e1d73332?s=96&d=mm&r=g","caption":"admin"},"url":"https:\/\/arenagruppen.se\/fackenochframtiden\/author\/admin\/"}]}},"_links":{"self":[{"href":"https:\/\/arenagruppen.se\/fackenochframtiden\/wp-json\/wp\/v2\/posts\/592","targetHints":{"allow":["GET"]}}],"collection":[{"href":"https:\/\/arenagruppen.se\/fackenochframtiden\/wp-json\/wp\/v2\/posts"}],"about":[{"href":"https:\/\/arenagruppen.se\/fackenochframtiden\/wp-json\/wp\/v2\/types\/post"}],"author":[{"embeddable":true,"href":"https:\/\/arenagruppen.se\/fackenochframtiden\/wp-json\/wp\/v2\/users\/1"}],"replies":[{"embeddable":true,"href":"https:\/\/arenagruppen.se\/fackenochframtiden\/wp-json\/wp\/v2\/comments?post=592"}],"version-history":[{"count":3,"href":"https:\/\/arenagruppen.se\/fackenochframtiden\/wp-json\/wp\/v2\/posts\/592\/revisions"}],"predecessor-version":[{"id":846,"href":"https:\/\/arenagruppen.se\/fackenochframtiden\/wp-json\/wp\/v2\/posts\/592\/revisions\/846"}],"wp:attachment":[{"href":"https:\/\/arenagruppen.se\/fackenochframtiden\/wp-json\/wp\/v2\/media?parent=592"}],"wp:term":[{"taxonomy":"category","embeddable":true,"href":"https:\/\/arenagruppen.se\/fackenochframtiden\/wp-json\/wp\/v2\/categories?post=592"},{"taxonomy":"post_tag","embeddable":true,"href":"https:\/\/arenagruppen.se\/fackenochframtiden\/wp-json\/wp\/v2\/tags?post=592"}],"curies":[{"name":"wp","href":"https:\/\/api.w.org\/{rel}","templated":true}]}}