{"id":59,"date":"2024-03-10T11:07:39","date_gmt":"2024-03-10T10:07:39","guid":{"rendered":"https:\/\/arenagruppen.se\/maktochvalstand\/?p=59"},"modified":"2025-03-20T11:45:40","modified_gmt":"2025-03-20T10:45:40","slug":"elinor-odeberg","status":"publish","type":"post","link":"https:\/\/arenagruppen.se\/fackenochframtiden\/2024\/03\/10\/elinor-odeberg\/","title":{"rendered":"Elinor Odeberg"},"content":{"rendered":"\n<div class=\"wp-block-media-text alignwide is-stacked-on-mobile\"><figure class=\"wp-block-media-text__media\"><img fetchpriority=\"high\" decoding=\"async\" width=\"1024\" height=\"1024\" src=\"https:\/\/arenagruppen.se\/fackenochframtiden\/wp-content\/uploads\/sites\/14\/2025\/03\/elinorkvadrat-1024x1024.png\" alt=\"\" class=\"wp-image-513 size-full\" srcset=\"https:\/\/arenagruppen.se\/fackenochframtiden\/wp-content\/uploads\/sites\/14\/2025\/03\/elinorkvadrat-1024x1024.png 1024w, https:\/\/arenagruppen.se\/fackenochframtiden\/wp-content\/uploads\/sites\/14\/2025\/03\/elinorkvadrat-300x300.png 300w, https:\/\/arenagruppen.se\/fackenochframtiden\/wp-content\/uploads\/sites\/14\/2025\/03\/elinorkvadrat-150x150.png 150w, https:\/\/arenagruppen.se\/fackenochframtiden\/wp-content\/uploads\/sites\/14\/2025\/03\/elinorkvadrat-768x768.png 768w, https:\/\/arenagruppen.se\/fackenochframtiden\/wp-content\/uploads\/sites\/14\/2025\/03\/elinorkvadrat-1536x1536.png 1536w, https:\/\/arenagruppen.se\/fackenochframtiden\/wp-content\/uploads\/sites\/14\/2025\/03\/elinorkvadrat.png 1740w\" sizes=\"(max-width: 1024px) 100vw, 1024px\" \/><\/figure><div class=\"wp-block-media-text__content\">\n<p><strong>Elinor Odeberg<\/strong> \u00e4r chefsekonom p\u00e5 Arena Id\u00e9. Hon har tidigare arbetat som politiskt sakkunnig p\u00e5 Finansdepartementet med s\u00e4rskilt ansvar f\u00f6r internationell ekonomisk politik. Hon \u00e4r ekonomhistoriker och bland annat m\u00e5ng\u00e5rig utredare p\u00e5 fackf\u00f6rbundet Kommunal.<\/p>\n\n\n\n<p><em>Chief Economist, Arena Id\u00e9.<\/em><\/p>\n<\/div><\/div>\n","protected":false},"excerpt":{"rendered":"<p>Moderator<\/p>\n","protected":false},"author":1,"featured_media":513,"comment_status":"closed","ping_status":"closed","sticky":false,"template":"","format":"standard","meta":{"footnotes":""},"categories":[5],"tags":[],"class_list":["post-59","post","type-post","status-publish","format-standard","has-post-thumbnail","hentry","category-medverkande"],"yoast_head":"<!-- This site is optimized with the Yoast SEO plugin v19.12 - https:\/\/yoast.com\/wordpress\/plugins\/seo\/ -->\n<title>Elinor Odeberg - Facken och framtiden<\/title>\n<meta name=\"robots\" content=\"index, follow, max-snippet:-1, max-image-preview:large, max-video-preview:-1\" \/>\n<link rel=\"canonical\" href=\"https:\/\/arenagruppen.se\/fackenochframtiden\/2024\/03\/10\/elinor-odeberg\/\" \/>\n<meta property=\"og:locale\" content=\"sv_SE\" \/>\n<meta property=\"og:type\" content=\"article\" \/>\n<meta property=\"og:title\" content=\"Elinor Odeberg - Facken och framtiden\" \/>\n<meta property=\"og:description\" content=\"Moderator\" \/>\n<meta property=\"og:url\" content=\"https:\/\/arenagruppen.se\/fackenochframtiden\/2024\/03\/10\/elinor-odeberg\/\" \/>\n<meta property=\"og:site_name\" content=\"Facken och framtiden\" \/>\n<meta property=\"article:published_time\" content=\"2024-03-10T10:07:39+00:00\" \/>\n<meta property=\"article:modified_time\" content=\"2025-03-20T10:45:40+00:00\" \/>\n<meta property=\"og:image\" content=\"https:\/\/arenagruppen.se\/fackenochframtiden\/wp-content\/uploads\/sites\/14\/2025\/03\/elinorkvadrat-1024x1024.png\" \/>\n\t<meta property=\"og:image:width\" content=\"1024\" \/>\n\t<meta property=\"og:image:height\" content=\"1024\" \/>\n\t<meta property=\"og:image:type\" content=\"image\/png\" \/>\n<meta name=\"author\" content=\"admin\" \/>\n<meta name=\"twitter:card\" content=\"summary_large_image\" \/>\n<meta name=\"twitter:label1\" content=\"Skriven av\" \/>\n\t<meta name=\"twitter:data1\" content=\"admin\" \/>\n<script type=\"application\/ld+json\" class=\"yoast-schema-graph\">{\"@context\":\"https:\/\/schema.org\",\"@graph\":[{\"@type\":\"Article\",\"@id\":\"https:\/\/arenagruppen.se\/fackenochframtiden\/2024\/03\/10\/elinor-odeberg\/#article\",\"isPartOf\":{\"@id\":\"https:\/\/arenagruppen.se\/fackenochframtiden\/2024\/03\/10\/elinor-odeberg\/\"},\"author\":{\"name\":\"admin\",\"@id\":\"https:\/\/arenagruppen.se\/fackenochframtiden\/#\/schema\/person\/2c2a8761ff5c3b70360aaec5bf3b28d6\"},\"headline\":\"Elinor Odeberg\",\"datePublished\":\"2024-03-10T10:07:39+00:00\",\"dateModified\":\"2025-03-20T10:45:40+00:00\",\"mainEntityOfPage\":{\"@id\":\"https:\/\/arenagruppen.se\/fackenochframtiden\/2024\/03\/10\/elinor-odeberg\/\"},\"wordCount\":45,\"publisher\":{\"@id\":\"https:\/\/arenagruppen.se\/fackenochframtiden\/#organization\"},\"articleSection\":[\"Medverkande\"],\"inLanguage\":\"sv-SE\"},{\"@type\":\"WebPage\",\"@id\":\"https:\/\/arenagruppen.se\/fackenochframtiden\/2024\/03\/10\/elinor-odeberg\/\",\"url\":\"https:\/\/arenagruppen.se\/fackenochframtiden\/2024\/03\/10\/elinor-odeberg\/\",\"name\":\"Elinor Odeberg - Facken och framtiden\",\"isPartOf\":{\"@id\":\"https:\/\/arenagruppen.se\/fackenochframtiden\/#website\"},\"datePublished\":\"2024-03-10T10:07:39+00:00\",\"dateModified\":\"2025-03-20T10:45:40+00:00\",\"breadcrumb\":{\"@id\":\"https:\/\/arenagruppen.se\/fackenochframtiden\/2024\/03\/10\/elinor-odeberg\/#breadcrumb\"},\"inLanguage\":\"sv-SE\",\"potentialAction\":[{\"@type\":\"ReadAction\",\"target\":[\"https:\/\/arenagruppen.se\/fackenochframtiden\/2024\/03\/10\/elinor-odeberg\/\"]}]},{\"@type\":\"BreadcrumbList\",\"@id\":\"https:\/\/arenagruppen.se\/fackenochframtiden\/2024\/03\/10\/elinor-odeberg\/#breadcrumb\",\"itemListElement\":[{\"@type\":\"ListItem\",\"position\":1,\"name\":\"Hem\",\"item\":\"https:\/\/arenagruppen.se\/fackenochframtiden\/\"},{\"@type\":\"ListItem\",\"position\":2,\"name\":\"Elinor Odeberg\"}]},{\"@type\":\"WebSite\",\"@id\":\"https:\/\/arenagruppen.se\/fackenochframtiden\/#website\",\"url\":\"https:\/\/arenagruppen.se\/fackenochframtiden\/\",\"name\":\"Facken och framtiden\",\"description\":\"Modern labour markets\",\"publisher\":{\"@id\":\"https:\/\/arenagruppen.se\/fackenochframtiden\/#organization\"},\"potentialAction\":[{\"@type\":\"SearchAction\",\"target\":{\"@type\":\"EntryPoint\",\"urlTemplate\":\"https:\/\/arenagruppen.se\/fackenochframtiden\/?s={search_term_string}\"},\"query-input\":\"required name=search_term_string\"}],\"inLanguage\":\"sv-SE\"},{\"@type\":\"Organization\",\"@id\":\"https:\/\/arenagruppen.se\/fackenochframtiden\/#organization\",\"name\":\"Produktivitetskommissionen\",\"url\":\"https:\/\/arenagruppen.se\/fackenochframtiden\/\",\"logo\":{\"@type\":\"ImageObject\",\"inLanguage\":\"sv-SE\",\"@id\":\"https:\/\/arenagruppen.se\/fackenochframtiden\/#\/schema\/logo\/image\/\",\"url\":\"https:\/\/arenagruppen.se\/arbetsmarknader\/wp-content\/uploads\/sites\/14\/2025\/03\/modern-labour-markets-omslag.png\",\"contentUrl\":\"https:\/\/arenagruppen.se\/arbetsmarknader\/wp-content\/uploads\/sites\/14\/2025\/03\/modern-labour-markets-omslag.png\",\"width\":9422,\"height\":4947,\"caption\":\"Produktivitetskommissionen\"},\"image\":{\"@id\":\"https:\/\/arenagruppen.se\/fackenochframtiden\/#\/schema\/logo\/image\/\"}},{\"@type\":\"Person\",\"@id\":\"https:\/\/arenagruppen.se\/fackenochframtiden\/#\/schema\/person\/2c2a8761ff5c3b70360aaec5bf3b28d6\",\"name\":\"admin\",\"image\":{\"@type\":\"ImageObject\",\"inLanguage\":\"sv-SE\",\"@id\":\"https:\/\/arenagruppen.se\/fackenochframtiden\/#\/schema\/person\/image\/\",\"url\":\"https:\/\/secure.gravatar.com\/avatar\/3e206016c760cb4ecabbc56cc2b6c170b4d6824facf04af1709437f3e1d73332?s=96&d=mm&r=g\",\"contentUrl\":\"https:\/\/secure.gravatar.com\/avatar\/3e206016c760cb4ecabbc56cc2b6c170b4d6824facf04af1709437f3e1d73332?s=96&d=mm&r=g\",\"caption\":\"admin\"},\"url\":\"https:\/\/arenagruppen.se\/fackenochframtiden\/author\/admin\/\"}]}<\/script>\n<!-- \/ Yoast SEO plugin. -->","yoast_head_json":{"title":"Elinor Odeberg - Facken och framtiden","robots":{"index":"index","follow":"follow","max-snippet":"max-snippet:-1","max-image-preview":"max-image-preview:large","max-video-preview":"max-video-preview:-1"},"canonical":"https:\/\/arenagruppen.se\/fackenochframtiden\/2024\/03\/10\/elinor-odeberg\/","og_locale":"sv_SE","og_type":"article","og_title":"Elinor Odeberg - Facken och framtiden","og_description":"Moderator","og_url":"https:\/\/arenagruppen.se\/fackenochframtiden\/2024\/03\/10\/elinor-odeberg\/","og_site_name":"Facken och framtiden","article_published_time":"2024-03-10T10:07:39+00:00","article_modified_time":"2025-03-20T10:45:40+00:00","og_image":[{"width":1024,"height":1024,"url":"https:\/\/arenagruppen.se\/fackenochframtiden\/wp-content\/uploads\/sites\/14\/2025\/03\/elinorkvadrat-1024x1024.png","type":"image\/png"}],"author":"admin","twitter_card":"summary_large_image","twitter_misc":{"Skriven av":"admin"},"schema":{"@context":"https:\/\/schema.org","@graph":[{"@type":"Article","@id":"https:\/\/arenagruppen.se\/fackenochframtiden\/2024\/03\/10\/elinor-odeberg\/#article","isPartOf":{"@id":"https:\/\/arenagruppen.se\/fackenochframtiden\/2024\/03\/10\/elinor-odeberg\/"},"author":{"name":"admin","@id":"https:\/\/arenagruppen.se\/fackenochframtiden\/#\/schema\/person\/2c2a8761ff5c3b70360aaec5bf3b28d6"},"headline":"Elinor Odeberg","datePublished":"2024-03-10T10:07:39+00:00","dateModified":"2025-03-20T10:45:40+00:00","mainEntityOfPage":{"@id":"https:\/\/arenagruppen.se\/fackenochframtiden\/2024\/03\/10\/elinor-odeberg\/"},"wordCount":45,"publisher":{"@id":"https:\/\/arenagruppen.se\/fackenochframtiden\/#organization"},"articleSection":["Medverkande"],"inLanguage":"sv-SE"},{"@type":"WebPage","@id":"https:\/\/arenagruppen.se\/fackenochframtiden\/2024\/03\/10\/elinor-odeberg\/","url":"https:\/\/arenagruppen.se\/fackenochframtiden\/2024\/03\/10\/elinor-odeberg\/","name":"Elinor Odeberg - Facken och framtiden","isPartOf":{"@id":"https:\/\/arenagruppen.se\/fackenochframtiden\/#website"},"datePublished":"2024-03-10T10:07:39+00:00","dateModified":"2025-03-20T10:45:40+00:00","breadcrumb":{"@id":"https:\/\/arenagruppen.se\/fackenochframtiden\/2024\/03\/10\/elinor-odeberg\/#breadcrumb"},"inLanguage":"sv-SE","potentialAction":[{"@type":"ReadAction","target":["https:\/\/arenagruppen.se\/fackenochframtiden\/2024\/03\/10\/elinor-odeberg\/"]}]},{"@type":"BreadcrumbList","@id":"https:\/\/arenagruppen.se\/fackenochframtiden\/2024\/03\/10\/elinor-odeberg\/#breadcrumb","itemListElement":[{"@type":"ListItem","position":1,"name":"Hem","item":"https:\/\/arenagruppen.se\/fackenochframtiden\/"},{"@type":"ListItem","position":2,"name":"Elinor Odeberg"}]},{"@type":"WebSite","@id":"https:\/\/arenagruppen.se\/fackenochframtiden\/#website","url":"https:\/\/arenagruppen.se\/fackenochframtiden\/","name":"Facken och framtiden","description":"Modern labour markets","publisher":{"@id":"https:\/\/arenagruppen.se\/fackenochframtiden\/#organization"},"potentialAction":[{"@type":"SearchAction","target":{"@type":"EntryPoint","urlTemplate":"https:\/\/arenagruppen.se\/fackenochframtiden\/?s={search_term_string}"},"query-input":"required name=search_term_string"}],"inLanguage":"sv-SE"},{"@type":"Organization","@id":"https:\/\/arenagruppen.se\/fackenochframtiden\/#organization","name":"Produktivitetskommissionen","url":"https:\/\/arenagruppen.se\/fackenochframtiden\/","logo":{"@type":"ImageObject","inLanguage":"sv-SE","@id":"https:\/\/arenagruppen.se\/fackenochframtiden\/#\/schema\/logo\/image\/","url":"https:\/\/arenagruppen.se\/arbetsmarknader\/wp-content\/uploads\/sites\/14\/2025\/03\/modern-labour-markets-omslag.png","contentUrl":"https:\/\/arenagruppen.se\/arbetsmarknader\/wp-content\/uploads\/sites\/14\/2025\/03\/modern-labour-markets-omslag.png","width":9422,"height":4947,"caption":"Produktivitetskommissionen"},"image":{"@id":"https:\/\/arenagruppen.se\/fackenochframtiden\/#\/schema\/logo\/image\/"}},{"@type":"Person","@id":"https:\/\/arenagruppen.se\/fackenochframtiden\/#\/schema\/person\/2c2a8761ff5c3b70360aaec5bf3b28d6","name":"admin","image":{"@type":"ImageObject","inLanguage":"sv-SE","@id":"https:\/\/arenagruppen.se\/fackenochframtiden\/#\/schema\/person\/image\/","url":"https:\/\/secure.gravatar.com\/avatar\/3e206016c760cb4ecabbc56cc2b6c170b4d6824facf04af1709437f3e1d73332?s=96&d=mm&r=g","contentUrl":"https:\/\/secure.gravatar.com\/avatar\/3e206016c760cb4ecabbc56cc2b6c170b4d6824facf04af1709437f3e1d73332?s=96&d=mm&r=g","caption":"admin"},"url":"https:\/\/arenagruppen.se\/fackenochframtiden\/author\/admin\/"}]}},"_links":{"self":[{"href":"https:\/\/arenagruppen.se\/fackenochframtiden\/wp-json\/wp\/v2\/posts\/59","targetHints":{"allow":["GET"]}}],"collection":[{"href":"https:\/\/arenagruppen.se\/fackenochframtiden\/wp-json\/wp\/v2\/posts"}],"about":[{"href":"https:\/\/arenagruppen.se\/fackenochframtiden\/wp-json\/wp\/v2\/types\/post"}],"author":[{"embeddable":true,"href":"https:\/\/arenagruppen.se\/fackenochframtiden\/wp-json\/wp\/v2\/users\/1"}],"replies":[{"embeddable":true,"href":"https:\/\/arenagruppen.se\/fackenochframtiden\/wp-json\/wp\/v2\/comments?post=59"}],"version-history":[{"count":10,"href":"https:\/\/arenagruppen.se\/fackenochframtiden\/wp-json\/wp\/v2\/posts\/59\/revisions"}],"predecessor-version":[{"id":760,"href":"https:\/\/arenagruppen.se\/fackenochframtiden\/wp-json\/wp\/v2\/posts\/59\/revisions\/760"}],"wp:featuredmedia":[{"embeddable":true,"href":"https:\/\/arenagruppen.se\/fackenochframtiden\/wp-json\/wp\/v2\/media\/513"}],"wp:attachment":[{"href":"https:\/\/arenagruppen.se\/fackenochframtiden\/wp-json\/wp\/v2\/media?parent=59"}],"wp:term":[{"taxonomy":"category","embeddable":true,"href":"https:\/\/arenagruppen.se\/fackenochframtiden\/wp-json\/wp\/v2\/categories?post=59"},{"taxonomy":"post_tag","embeddable":true,"href":"https:\/\/arenagruppen.se\/fackenochframtiden\/wp-json\/wp\/v2\/tags?post=59"}],"curies":[{"name":"wp","href":"https:\/\/api.w.org\/{rel}","templated":true}]}}