{"id":580,"date":"2025-03-18T13:19:38","date_gmt":"2025-03-18T12:19:38","guid":{"rendered":"https:\/\/arenagruppen.se\/fackenochframtiden\/?p=580"},"modified":"2025-03-20T14:20:13","modified_gmt":"2025-03-20T13:20:13","slug":"lardomar-av-den-moderna-forskningen-om-norsk-arbetsmarknad","status":"publish","type":"post","link":"https:\/\/arenagruppen.se\/fackenochframtiden\/2025\/03\/18\/lardomar-av-den-moderna-forskningen-om-norsk-arbetsmarknad\/","title":{"rendered":"L\u00e4rdomar av den moderna forskningen om norsk arbetsmarknad."},"content":{"rendered":"\n<p>12.45-14.00<\/p>\n\n\n\n<p><strong>Vad kan du f\u00f6rv\u00e4nta dig? <\/strong><\/p>\n\n\n\n<p>Forskningen om hur arbetsmarknader i praktiken fungerar ligger l\u00e5ngt fram i Norge. Den h\u00e4r sessionen sammanfattar och diskuterar den h\u00e4r forskningen \u2013 och dess politiska implikationer. Det kommer att handla om arbetsgivares makt att s\u00e4tta l\u00f6ner och villkor under de anst\u00e4lldas bidrag till verksamheten och hur kollektivavtal och facklig organisering p\u00e5verkar arbetsgivarens verksamhet \u2013 i termer av syssels\u00e4ttning, innovation, produktivitet och l\u00f6ner. Vad som \u00e4ven kommer att tas upp \u00e4r de viktigaste obesvarade fr\u00e5gorna och hur den h\u00e4r forskningen p\u00e5verkar politiken och arbetsmarknadens parter i Norge. Det \u00e4r olyckligt att Sverige ligger s\u00e5 l\u00e5ngt efter Norge med den h\u00e4r forskningen.<\/p>\n\n\n\n<p>Harald-Dale-Olsen \u00e4r professor i nationalekonomi vid Institutet f\u00f6r samh\u00e4llsforskning i Oslo. Hans forskning \u00e4r inriktad p\u00e5 hur anst\u00e4llda reagerar p\u00e5 l\u00f6ner och andra f\u00f6rm\u00e5ner och hur fackf\u00f6reningar p\u00e5verkar arbetsgivare. Under senare \u00e5r har han studerat hur facklig organisering p\u00e5verkar strukturomvandling, innovation och produktivitet.<\/p>\n","protected":false},"excerpt":{"rendered":"<p>12.45-14.00 Vad kan du f\u00f6rv\u00e4nta dig? Forskningen om hur arbetsmarknader i praktiken fungerar ligger l\u00e5ngt fram i Norge. Den h\u00e4r sessionen sammanfattar och diskuterar den h\u00e4r forskningen \u2013 och dess politiska implikationer. Det kommer att handla om arbetsgivares makt att s\u00e4tta l\u00f6ner och villkor under de anst\u00e4lldas bidrag till verksamheten och hur kollektivavtal och facklig [&hellip;]<\/p>\n","protected":false},"author":1,"featured_media":0,"comment_status":"open","ping_status":"open","sticky":false,"template":"","format":"standard","meta":{"footnotes":""},"categories":[1],"tags":[],"class_list":["post-580","post","type-post","status-publish","format-standard","hentry","category-okategoriserade"],"yoast_head":"<!-- This site is optimized with the Yoast SEO plugin v19.12 - https:\/\/yoast.com\/wordpress\/plugins\/seo\/ -->\n<title>L\u00e4rdomar av den moderna forskningen om norsk arbetsmarknad. - Facken och framtiden<\/title>\n<meta name=\"robots\" content=\"index, follow, max-snippet:-1, max-image-preview:large, max-video-preview:-1\" \/>\n<link rel=\"canonical\" href=\"https:\/\/arenagruppen.se\/fackenochframtiden\/2025\/03\/18\/lardomar-av-den-moderna-forskningen-om-norsk-arbetsmarknad\/\" \/>\n<meta property=\"og:locale\" content=\"sv_SE\" \/>\n<meta property=\"og:type\" content=\"article\" \/>\n<meta property=\"og:title\" content=\"L\u00e4rdomar av den moderna forskningen om norsk arbetsmarknad. - Facken och framtiden\" \/>\n<meta property=\"og:description\" content=\"12.45-14.00 Vad kan du f\u00f6rv\u00e4nta dig? Forskningen om hur arbetsmarknader i praktiken fungerar ligger l\u00e5ngt fram i Norge. Den h\u00e4r sessionen sammanfattar och diskuterar den h\u00e4r forskningen \u2013 och dess politiska implikationer. Det kommer att handla om arbetsgivares makt att s\u00e4tta l\u00f6ner och villkor under de anst\u00e4lldas bidrag till verksamheten och hur kollektivavtal och facklig [&hellip;]\" \/>\n<meta property=\"og:url\" content=\"https:\/\/arenagruppen.se\/fackenochframtiden\/2025\/03\/18\/lardomar-av-den-moderna-forskningen-om-norsk-arbetsmarknad\/\" \/>\n<meta property=\"og:site_name\" content=\"Facken och framtiden\" \/>\n<meta property=\"article:published_time\" content=\"2025-03-18T12:19:38+00:00\" \/>\n<meta property=\"article:modified_time\" content=\"2025-03-20T13:20:13+00:00\" \/>\n<meta property=\"og:image\" content=\"https:\/\/arenagruppen.se\/fackenochframtiden\/wp-content\/uploads\/sites\/14\/2025\/03\/modern-labour-markets-omslag.png\" \/>\n\t<meta property=\"og:image:width\" content=\"9422\" \/>\n\t<meta property=\"og:image:height\" content=\"4947\" \/>\n\t<meta property=\"og:image:type\" content=\"image\/png\" \/>\n<meta name=\"author\" content=\"admin\" \/>\n<meta name=\"twitter:card\" content=\"summary_large_image\" \/>\n<meta name=\"twitter:label1\" content=\"Skriven av\" \/>\n\t<meta name=\"twitter:data1\" content=\"admin\" \/>\n\t<meta name=\"twitter:label2\" content=\"Ber\u00e4knad l\u00e4stid\" \/>\n\t<meta name=\"twitter:data2\" content=\"1 minut\" \/>\n<script type=\"application\/ld+json\" class=\"yoast-schema-graph\">{\"@context\":\"https:\/\/schema.org\",\"@graph\":[{\"@type\":\"Article\",\"@id\":\"https:\/\/arenagruppen.se\/fackenochframtiden\/2025\/03\/18\/lardomar-av-den-moderna-forskningen-om-norsk-arbetsmarknad\/#article\",\"isPartOf\":{\"@id\":\"https:\/\/arenagruppen.se\/fackenochframtiden\/2025\/03\/18\/lardomar-av-den-moderna-forskningen-om-norsk-arbetsmarknad\/\"},\"author\":{\"name\":\"admin\",\"@id\":\"https:\/\/arenagruppen.se\/fackenochframtiden\/#\/schema\/person\/2c2a8761ff5c3b70360aaec5bf3b28d6\"},\"headline\":\"L\u00e4rdomar av den moderna forskningen om norsk arbetsmarknad.\",\"datePublished\":\"2025-03-18T12:19:38+00:00\",\"dateModified\":\"2025-03-20T13:20:13+00:00\",\"mainEntityOfPage\":{\"@id\":\"https:\/\/arenagruppen.se\/fackenochframtiden\/2025\/03\/18\/lardomar-av-den-moderna-forskningen-om-norsk-arbetsmarknad\/\"},\"wordCount\":181,\"commentCount\":0,\"publisher\":{\"@id\":\"https:\/\/arenagruppen.se\/fackenochframtiden\/#organization\"},\"inLanguage\":\"sv-SE\",\"potentialAction\":[{\"@type\":\"CommentAction\",\"name\":\"Comment\",\"target\":[\"https:\/\/arenagruppen.se\/fackenochframtiden\/2025\/03\/18\/lardomar-av-den-moderna-forskningen-om-norsk-arbetsmarknad\/#respond\"]}]},{\"@type\":\"WebPage\",\"@id\":\"https:\/\/arenagruppen.se\/fackenochframtiden\/2025\/03\/18\/lardomar-av-den-moderna-forskningen-om-norsk-arbetsmarknad\/\",\"url\":\"https:\/\/arenagruppen.se\/fackenochframtiden\/2025\/03\/18\/lardomar-av-den-moderna-forskningen-om-norsk-arbetsmarknad\/\",\"name\":\"L\u00e4rdomar av den moderna forskningen om norsk arbetsmarknad. - Facken och framtiden\",\"isPartOf\":{\"@id\":\"https:\/\/arenagruppen.se\/fackenochframtiden\/#website\"},\"datePublished\":\"2025-03-18T12:19:38+00:00\",\"dateModified\":\"2025-03-20T13:20:13+00:00\",\"breadcrumb\":{\"@id\":\"https:\/\/arenagruppen.se\/fackenochframtiden\/2025\/03\/18\/lardomar-av-den-moderna-forskningen-om-norsk-arbetsmarknad\/#breadcrumb\"},\"inLanguage\":\"sv-SE\",\"potentialAction\":[{\"@type\":\"ReadAction\",\"target\":[\"https:\/\/arenagruppen.se\/fackenochframtiden\/2025\/03\/18\/lardomar-av-den-moderna-forskningen-om-norsk-arbetsmarknad\/\"]}]},{\"@type\":\"BreadcrumbList\",\"@id\":\"https:\/\/arenagruppen.se\/fackenochframtiden\/2025\/03\/18\/lardomar-av-den-moderna-forskningen-om-norsk-arbetsmarknad\/#breadcrumb\",\"itemListElement\":[{\"@type\":\"ListItem\",\"position\":1,\"name\":\"Hem\",\"item\":\"https:\/\/arenagruppen.se\/fackenochframtiden\/\"},{\"@type\":\"ListItem\",\"position\":2,\"name\":\"L\u00e4rdomar av den moderna forskningen om norsk arbetsmarknad.\"}]},{\"@type\":\"WebSite\",\"@id\":\"https:\/\/arenagruppen.se\/fackenochframtiden\/#website\",\"url\":\"https:\/\/arenagruppen.se\/fackenochframtiden\/\",\"name\":\"Facken och framtiden\",\"description\":\"Modern labour markets\",\"publisher\":{\"@id\":\"https:\/\/arenagruppen.se\/fackenochframtiden\/#organization\"},\"potentialAction\":[{\"@type\":\"SearchAction\",\"target\":{\"@type\":\"EntryPoint\",\"urlTemplate\":\"https:\/\/arenagruppen.se\/fackenochframtiden\/?s={search_term_string}\"},\"query-input\":\"required name=search_term_string\"}],\"inLanguage\":\"sv-SE\"},{\"@type\":\"Organization\",\"@id\":\"https:\/\/arenagruppen.se\/fackenochframtiden\/#organization\",\"name\":\"Produktivitetskommissionen\",\"url\":\"https:\/\/arenagruppen.se\/fackenochframtiden\/\",\"logo\":{\"@type\":\"ImageObject\",\"inLanguage\":\"sv-SE\",\"@id\":\"https:\/\/arenagruppen.se\/fackenochframtiden\/#\/schema\/logo\/image\/\",\"url\":\"https:\/\/arenagruppen.se\/arbetsmarknader\/wp-content\/uploads\/sites\/14\/2025\/03\/modern-labour-markets-omslag.png\",\"contentUrl\":\"https:\/\/arenagruppen.se\/arbetsmarknader\/wp-content\/uploads\/sites\/14\/2025\/03\/modern-labour-markets-omslag.png\",\"width\":9422,\"height\":4947,\"caption\":\"Produktivitetskommissionen\"},\"image\":{\"@id\":\"https:\/\/arenagruppen.se\/fackenochframtiden\/#\/schema\/logo\/image\/\"}},{\"@type\":\"Person\",\"@id\":\"https:\/\/arenagruppen.se\/fackenochframtiden\/#\/schema\/person\/2c2a8761ff5c3b70360aaec5bf3b28d6\",\"name\":\"admin\",\"image\":{\"@type\":\"ImageObject\",\"inLanguage\":\"sv-SE\",\"@id\":\"https:\/\/arenagruppen.se\/fackenochframtiden\/#\/schema\/person\/image\/\",\"url\":\"https:\/\/secure.gravatar.com\/avatar\/3e206016c760cb4ecabbc56cc2b6c170b4d6824facf04af1709437f3e1d73332?s=96&d=mm&r=g\",\"contentUrl\":\"https:\/\/secure.gravatar.com\/avatar\/3e206016c760cb4ecabbc56cc2b6c170b4d6824facf04af1709437f3e1d73332?s=96&d=mm&r=g\",\"caption\":\"admin\"},\"url\":\"https:\/\/arenagruppen.se\/fackenochframtiden\/author\/admin\/\"}]}<\/script>\n<!-- \/ Yoast SEO plugin. -->","yoast_head_json":{"title":"L\u00e4rdomar av den moderna forskningen om norsk arbetsmarknad. - Facken och framtiden","robots":{"index":"index","follow":"follow","max-snippet":"max-snippet:-1","max-image-preview":"max-image-preview:large","max-video-preview":"max-video-preview:-1"},"canonical":"https:\/\/arenagruppen.se\/fackenochframtiden\/2025\/03\/18\/lardomar-av-den-moderna-forskningen-om-norsk-arbetsmarknad\/","og_locale":"sv_SE","og_type":"article","og_title":"L\u00e4rdomar av den moderna forskningen om norsk arbetsmarknad. - Facken och framtiden","og_description":"12.45-14.00 Vad kan du f\u00f6rv\u00e4nta dig? Forskningen om hur arbetsmarknader i praktiken fungerar ligger l\u00e5ngt fram i Norge. Den h\u00e4r sessionen sammanfattar och diskuterar den h\u00e4r forskningen \u2013 och dess politiska implikationer. Det kommer att handla om arbetsgivares makt att s\u00e4tta l\u00f6ner och villkor under de anst\u00e4lldas bidrag till verksamheten och hur kollektivavtal och facklig [&hellip;]","og_url":"https:\/\/arenagruppen.se\/fackenochframtiden\/2025\/03\/18\/lardomar-av-den-moderna-forskningen-om-norsk-arbetsmarknad\/","og_site_name":"Facken och framtiden","article_published_time":"2025-03-18T12:19:38+00:00","article_modified_time":"2025-03-20T13:20:13+00:00","og_image":[{"width":9422,"height":4947,"url":"https:\/\/arenagruppen.se\/fackenochframtiden\/wp-content\/uploads\/sites\/14\/2025\/03\/modern-labour-markets-omslag.png","type":"image\/png"}],"author":"admin","twitter_card":"summary_large_image","twitter_misc":{"Skriven av":"admin","Ber\u00e4knad l\u00e4stid":"1 minut"},"schema":{"@context":"https:\/\/schema.org","@graph":[{"@type":"Article","@id":"https:\/\/arenagruppen.se\/fackenochframtiden\/2025\/03\/18\/lardomar-av-den-moderna-forskningen-om-norsk-arbetsmarknad\/#article","isPartOf":{"@id":"https:\/\/arenagruppen.se\/fackenochframtiden\/2025\/03\/18\/lardomar-av-den-moderna-forskningen-om-norsk-arbetsmarknad\/"},"author":{"name":"admin","@id":"https:\/\/arenagruppen.se\/fackenochframtiden\/#\/schema\/person\/2c2a8761ff5c3b70360aaec5bf3b28d6"},"headline":"L\u00e4rdomar av den moderna forskningen om norsk arbetsmarknad.","datePublished":"2025-03-18T12:19:38+00:00","dateModified":"2025-03-20T13:20:13+00:00","mainEntityOfPage":{"@id":"https:\/\/arenagruppen.se\/fackenochframtiden\/2025\/03\/18\/lardomar-av-den-moderna-forskningen-om-norsk-arbetsmarknad\/"},"wordCount":181,"commentCount":0,"publisher":{"@id":"https:\/\/arenagruppen.se\/fackenochframtiden\/#organization"},"inLanguage":"sv-SE","potentialAction":[{"@type":"CommentAction","name":"Comment","target":["https:\/\/arenagruppen.se\/fackenochframtiden\/2025\/03\/18\/lardomar-av-den-moderna-forskningen-om-norsk-arbetsmarknad\/#respond"]}]},{"@type":"WebPage","@id":"https:\/\/arenagruppen.se\/fackenochframtiden\/2025\/03\/18\/lardomar-av-den-moderna-forskningen-om-norsk-arbetsmarknad\/","url":"https:\/\/arenagruppen.se\/fackenochframtiden\/2025\/03\/18\/lardomar-av-den-moderna-forskningen-om-norsk-arbetsmarknad\/","name":"L\u00e4rdomar av den moderna forskningen om norsk arbetsmarknad. - Facken och framtiden","isPartOf":{"@id":"https:\/\/arenagruppen.se\/fackenochframtiden\/#website"},"datePublished":"2025-03-18T12:19:38+00:00","dateModified":"2025-03-20T13:20:13+00:00","breadcrumb":{"@id":"https:\/\/arenagruppen.se\/fackenochframtiden\/2025\/03\/18\/lardomar-av-den-moderna-forskningen-om-norsk-arbetsmarknad\/#breadcrumb"},"inLanguage":"sv-SE","potentialAction":[{"@type":"ReadAction","target":["https:\/\/arenagruppen.se\/fackenochframtiden\/2025\/03\/18\/lardomar-av-den-moderna-forskningen-om-norsk-arbetsmarknad\/"]}]},{"@type":"BreadcrumbList","@id":"https:\/\/arenagruppen.se\/fackenochframtiden\/2025\/03\/18\/lardomar-av-den-moderna-forskningen-om-norsk-arbetsmarknad\/#breadcrumb","itemListElement":[{"@type":"ListItem","position":1,"name":"Hem","item":"https:\/\/arenagruppen.se\/fackenochframtiden\/"},{"@type":"ListItem","position":2,"name":"L\u00e4rdomar av den moderna forskningen om norsk arbetsmarknad."}]},{"@type":"WebSite","@id":"https:\/\/arenagruppen.se\/fackenochframtiden\/#website","url":"https:\/\/arenagruppen.se\/fackenochframtiden\/","name":"Facken och framtiden","description":"Modern labour markets","publisher":{"@id":"https:\/\/arenagruppen.se\/fackenochframtiden\/#organization"},"potentialAction":[{"@type":"SearchAction","target":{"@type":"EntryPoint","urlTemplate":"https:\/\/arenagruppen.se\/fackenochframtiden\/?s={search_term_string}"},"query-input":"required name=search_term_string"}],"inLanguage":"sv-SE"},{"@type":"Organization","@id":"https:\/\/arenagruppen.se\/fackenochframtiden\/#organization","name":"Produktivitetskommissionen","url":"https:\/\/arenagruppen.se\/fackenochframtiden\/","logo":{"@type":"ImageObject","inLanguage":"sv-SE","@id":"https:\/\/arenagruppen.se\/fackenochframtiden\/#\/schema\/logo\/image\/","url":"https:\/\/arenagruppen.se\/arbetsmarknader\/wp-content\/uploads\/sites\/14\/2025\/03\/modern-labour-markets-omslag.png","contentUrl":"https:\/\/arenagruppen.se\/arbetsmarknader\/wp-content\/uploads\/sites\/14\/2025\/03\/modern-labour-markets-omslag.png","width":9422,"height":4947,"caption":"Produktivitetskommissionen"},"image":{"@id":"https:\/\/arenagruppen.se\/fackenochframtiden\/#\/schema\/logo\/image\/"}},{"@type":"Person","@id":"https:\/\/arenagruppen.se\/fackenochframtiden\/#\/schema\/person\/2c2a8761ff5c3b70360aaec5bf3b28d6","name":"admin","image":{"@type":"ImageObject","inLanguage":"sv-SE","@id":"https:\/\/arenagruppen.se\/fackenochframtiden\/#\/schema\/person\/image\/","url":"https:\/\/secure.gravatar.com\/avatar\/3e206016c760cb4ecabbc56cc2b6c170b4d6824facf04af1709437f3e1d73332?s=96&d=mm&r=g","contentUrl":"https:\/\/secure.gravatar.com\/avatar\/3e206016c760cb4ecabbc56cc2b6c170b4d6824facf04af1709437f3e1d73332?s=96&d=mm&r=g","caption":"admin"},"url":"https:\/\/arenagruppen.se\/fackenochframtiden\/author\/admin\/"}]}},"_links":{"self":[{"href":"https:\/\/arenagruppen.se\/fackenochframtiden\/wp-json\/wp\/v2\/posts\/580","targetHints":{"allow":["GET"]}}],"collection":[{"href":"https:\/\/arenagruppen.se\/fackenochframtiden\/wp-json\/wp\/v2\/posts"}],"about":[{"href":"https:\/\/arenagruppen.se\/fackenochframtiden\/wp-json\/wp\/v2\/types\/post"}],"author":[{"embeddable":true,"href":"https:\/\/arenagruppen.se\/fackenochframtiden\/wp-json\/wp\/v2\/users\/1"}],"replies":[{"embeddable":true,"href":"https:\/\/arenagruppen.se\/fackenochframtiden\/wp-json\/wp\/v2\/comments?post=580"}],"version-history":[{"count":2,"href":"https:\/\/arenagruppen.se\/fackenochframtiden\/wp-json\/wp\/v2\/posts\/580\/revisions"}],"predecessor-version":[{"id":836,"href":"https:\/\/arenagruppen.se\/fackenochframtiden\/wp-json\/wp\/v2\/posts\/580\/revisions\/836"}],"wp:attachment":[{"href":"https:\/\/arenagruppen.se\/fackenochframtiden\/wp-json\/wp\/v2\/media?parent=580"}],"wp:term":[{"taxonomy":"category","embeddable":true,"href":"https:\/\/arenagruppen.se\/fackenochframtiden\/wp-json\/wp\/v2\/categories?post=580"},{"taxonomy":"post_tag","embeddable":true,"href":"https:\/\/arenagruppen.se\/fackenochframtiden\/wp-json\/wp\/v2\/tags?post=580"}],"curies":[{"name":"wp","href":"https:\/\/api.w.org\/{rel}","templated":true}]}}